{"id":111,"date":"2017-05-05T11:53:22","date_gmt":"2017-05-05T11:53:22","guid":{"rendered":"http:\/\/photo.davidalquier.fr\/?p=111"},"modified":"2022-03-14T11:43:05","modified_gmt":"2022-03-14T11:43:05","slug":"essai-ethiopie-2","status":"publish","type":"post","link":"https:\/\/photo.davidalquier.fr\/?p=111","title":{"rendered":"Carnets de voyage &#8211; \u00c9thiopie <br>LA VALL\u00c9E DU NIL BLEU"},"content":{"rendered":"<p style=\"text-align: justify;\"><i>Les photos qui suivent ont \u00e9t\u00e9 prises lors d&rsquo;un voyage en \u00c9thiopie du 22 avril au 6 mai 2017, avec mes amis naturalistes et photographes Claude P. et G\u00e9rard B. Elles ont toutes \u00e9t\u00e9 faites depuis le 4&#215;4 de G\u00e9dion, notre guide, ou du bord de la piste qui traverse la vall\u00e9e du Nil bleu.<\/i><\/p>\n<p><!--more--><\/p>\n<figure id=\"attachment_1165\" aria-describedby=\"caption-attachment-1165\" style=\"width: 1200px\" class=\"wp-caption aligncenter\"><a href=\"http:\/\/photo.davidalquier.fr\/wp-content\/uploads\/2019\/02\/Voyage-Ethiopie-Vall\u00e9eduNilBleu-01.jpg\"><img loading=\"lazy\" decoding=\"async\" class=\"size-large wp-image-1165\" src=\"http:\/\/photo.davidalquier.fr\/wp-content\/uploads\/2019\/02\/Voyage-Ethiopie-Vall\u00e9eduNilBleu-01-1200x800.jpg\" alt=\"Vall\u00e9e du Nil Bleu\" width=\"1200\" height=\"800\" srcset=\"https:\/\/photo.davidalquier.fr\/wp-content\/uploads\/2019\/02\/Voyage-Ethiopie-Vall\u00e9eduNilBleu-01-1200x800.jpg 1200w, https:\/\/photo.davidalquier.fr\/wp-content\/uploads\/2019\/02\/Voyage-Ethiopie-Vall\u00e9eduNilBleu-01-600x400.jpg 600w, https:\/\/photo.davidalquier.fr\/wp-content\/uploads\/2019\/02\/Voyage-Ethiopie-Vall\u00e9eduNilBleu-01-768x512.jpg 768w, https:\/\/photo.davidalquier.fr\/wp-content\/uploads\/2019\/02\/Voyage-Ethiopie-Vall\u00e9eduNilBleu-01-525x350.jpg 525w, https:\/\/photo.davidalquier.fr\/wp-content\/uploads\/2019\/02\/Voyage-Ethiopie-Vall\u00e9eduNilBleu-01.jpg 1920w\" sizes=\"auto, (max-width: 1200px) 100vw, 1200px\" \/><\/a><figcaption id=\"caption-attachment-1165\" class=\"wp-caption-text\">La vall\u00e9e du Nil Bleu, point de passage oblig\u00e9 pour les r\u00e9gions du Nord de l\u2019\u00c9thiopie depuis la capitale &#8211; 05\/05\/2017<\/figcaption><\/figure>\n<figure id=\"attachment_1167\" aria-describedby=\"caption-attachment-1167\" style=\"width: 1200px\" class=\"wp-caption aligncenter\"><a href=\"http:\/\/photo.davidalquier.fr\/wp-content\/uploads\/2019\/02\/Voyage-Ethiopie-Vall\u00e9eduNilBleu-03.jpg\"><img loading=\"lazy\" decoding=\"async\" class=\"size-large wp-image-1167\" src=\"http:\/\/photo.davidalquier.fr\/wp-content\/uploads\/2019\/02\/Voyage-Ethiopie-Vall\u00e9eduNilBleu-03-1200x800.jpg\" alt=\"Vall\u00e9e du Nil Bleu\" width=\"1200\" height=\"800\" srcset=\"https:\/\/photo.davidalquier.fr\/wp-content\/uploads\/2019\/02\/Voyage-Ethiopie-Vall\u00e9eduNilBleu-03-1200x800.jpg 1200w, https:\/\/photo.davidalquier.fr\/wp-content\/uploads\/2019\/02\/Voyage-Ethiopie-Vall\u00e9eduNilBleu-03-600x400.jpg 600w, https:\/\/photo.davidalquier.fr\/wp-content\/uploads\/2019\/02\/Voyage-Ethiopie-Vall\u00e9eduNilBleu-03-768x512.jpg 768w, https:\/\/photo.davidalquier.fr\/wp-content\/uploads\/2019\/02\/Voyage-Ethiopie-Vall\u00e9eduNilBleu-03-525x350.jpg 525w, https:\/\/photo.davidalquier.fr\/wp-content\/uploads\/2019\/02\/Voyage-Ethiopie-Vall\u00e9eduNilBleu-03.jpg 1920w\" sizes=\"auto, (max-width: 1200px) 100vw, 1200px\" \/><\/a><figcaption id=\"caption-attachment-1167\" class=\"wp-caption-text\">La vall\u00e9e du Nil Bleu, point de passage oblig\u00e9 pour les r\u00e9gions du Nord de l\u2019\u00c9thiopie depuis la capitale &#8211; 05\/05\/2017<\/figcaption><\/figure>\n<figure id=\"attachment_1168\" aria-describedby=\"caption-attachment-1168\" style=\"width: 1200px\" class=\"wp-caption aligncenter\"><a href=\"http:\/\/photo.davidalquier.fr\/wp-content\/uploads\/2019\/02\/Voyage-Ethiopie-Vall\u00e9eduNilBleu-04.jpg\"><img loading=\"lazy\" decoding=\"async\" class=\"size-large wp-image-1168\" src=\"http:\/\/photo.davidalquier.fr\/wp-content\/uploads\/2019\/02\/Voyage-Ethiopie-Vall\u00e9eduNilBleu-04-1200x675.jpg\" alt=\"Vall\u00e9e du Nil Bleu\" width=\"1200\" height=\"675\" srcset=\"https:\/\/photo.davidalquier.fr\/wp-content\/uploads\/2019\/02\/Voyage-Ethiopie-Vall\u00e9eduNilBleu-04-1200x675.jpg 1200w, https:\/\/photo.davidalquier.fr\/wp-content\/uploads\/2019\/02\/Voyage-Ethiopie-Vall\u00e9eduNilBleu-04-600x338.jpg 600w, https:\/\/photo.davidalquier.fr\/wp-content\/uploads\/2019\/02\/Voyage-Ethiopie-Vall\u00e9eduNilBleu-04-768x432.jpg 768w, https:\/\/photo.davidalquier.fr\/wp-content\/uploads\/2019\/02\/Voyage-Ethiopie-Vall\u00e9eduNilBleu-04-622x350.jpg 622w, https:\/\/photo.davidalquier.fr\/wp-content\/uploads\/2019\/02\/Voyage-Ethiopie-Vall\u00e9eduNilBleu-04.jpg 1920w\" sizes=\"auto, (max-width: 1200px) 100vw, 1200px\" \/><\/a><figcaption id=\"caption-attachment-1168\" class=\"wp-caption-text\">La vall\u00e9e du Nil Bleu, point de passage oblig\u00e9 pour les r\u00e9gions de Nord de l\u2019\u00c9thiopie depuis la capitale &#8211; 05\/05\/2017<\/figcaption><\/figure>\n<figure id=\"attachment_1169\" aria-describedby=\"caption-attachment-1169\" style=\"width: 1200px\" class=\"wp-caption aligncenter\"><a href=\"http:\/\/photo.davidalquier.fr\/wp-content\/uploads\/2019\/02\/Voyage-Ethiopie-Vall\u00e9eduNilBleu-05.jpg\"><img loading=\"lazy\" decoding=\"async\" class=\"size-large wp-image-1169\" src=\"http:\/\/photo.davidalquier.fr\/wp-content\/uploads\/2019\/02\/Voyage-Ethiopie-Vall\u00e9eduNilBleu-05-1200x675.jpg\" alt=\"Vall\u00e9e du Nil Bleu\" width=\"1200\" height=\"675\" srcset=\"https:\/\/photo.davidalquier.fr\/wp-content\/uploads\/2019\/02\/Voyage-Ethiopie-Vall\u00e9eduNilBleu-05-1200x675.jpg 1200w, https:\/\/photo.davidalquier.fr\/wp-content\/uploads\/2019\/02\/Voyage-Ethiopie-Vall\u00e9eduNilBleu-05-600x338.jpg 600w, https:\/\/photo.davidalquier.fr\/wp-content\/uploads\/2019\/02\/Voyage-Ethiopie-Vall\u00e9eduNilBleu-05-768x432.jpg 768w, https:\/\/photo.davidalquier.fr\/wp-content\/uploads\/2019\/02\/Voyage-Ethiopie-Vall\u00e9eduNilBleu-05-622x350.jpg 622w, https:\/\/photo.davidalquier.fr\/wp-content\/uploads\/2019\/02\/Voyage-Ethiopie-Vall\u00e9eduNilBleu-05.jpg 1920w\" sizes=\"auto, (max-width: 1200px) 100vw, 1200px\" \/><\/a><figcaption id=\"caption-attachment-1169\" class=\"wp-caption-text\">La vall\u00e9e du Nil Bleu, point de passage oblig\u00e9 pour les r\u00e9gions du Nord de l\u2019\u00c9thiopie depuis la capitale &#8211; 05\/05\/2017<\/figcaption><\/figure>\n","protected":false},"excerpt":{"rendered":"<p>Les photos qui suivent ont \u00e9t\u00e9 prises lors d&rsquo;un voyage en \u00c9thiopie du 22 avril au 6 mai 2017, avec mes amis naturalistes et photographes Claude P. et G\u00e9rard B. Elles ont toutes \u00e9t\u00e9 faites depuis le 4&#215;4 de G\u00e9dion, notre guide, ou du bord de la piste qui traverse la vall\u00e9e du Nil bleu.<\/p>\n","protected":false},"author":1,"featured_media":1165,"comment_status":"closed","ping_status":"closed","sticky":false,"template":"","format":"standard","meta":{"ngg_post_thumbnail":0,"footnotes":""},"categories":[9,5],"tags":[6,20],"class_list":["post-111","post","type-post","status-publish","format-standard","has-post-thumbnail","hentry","category-afrique","category-voyage","tag-ethiopie","tag-paysages"],"_links":{"self":[{"href":"https:\/\/photo.davidalquier.fr\/index.php?rest_route=\/wp\/v2\/posts\/111","targetHints":{"allow":["GET"]}}],"collection":[{"href":"https:\/\/photo.davidalquier.fr\/index.php?rest_route=\/wp\/v2\/posts"}],"about":[{"href":"https:\/\/photo.davidalquier.fr\/index.php?rest_route=\/wp\/v2\/types\/post"}],"author":[{"embeddable":true,"href":"https:\/\/photo.davidalquier.fr\/index.php?rest_route=\/wp\/v2\/users\/1"}],"replies":[{"embeddable":true,"href":"https:\/\/photo.davidalquier.fr\/index.php?rest_route=%2Fwp%2Fv2%2Fcomments&post=111"}],"version-history":[{"count":0,"href":"https:\/\/photo.davidalquier.fr\/index.php?rest_route=\/wp\/v2\/posts\/111\/revisions"}],"wp:featuredmedia":[{"embeddable":true,"href":"https:\/\/photo.davidalquier.fr\/index.php?rest_route=\/wp\/v2\/media\/1165"}],"wp:attachment":[{"href":"https:\/\/photo.davidalquier.fr\/index.php?rest_route=%2Fwp%2Fv2%2Fmedia&parent=111"}],"wp:term":[{"taxonomy":"category","embeddable":true,"href":"https:\/\/photo.davidalquier.fr\/index.php?rest_route=%2Fwp%2Fv2%2Fcategories&post=111"},{"taxonomy":"post_tag","embeddable":true,"href":"https:\/\/photo.davidalquier.fr\/index.php?rest_route=%2Fwp%2Fv2%2Ftags&post=111"}],"curies":[{"name":"wp","href":"https:\/\/api.w.org\/{rel}","templated":true}]}}