{"id":1110,"date":"2017-05-01T08:00:30","date_gmt":"2017-05-01T08:00:30","guid":{"rendered":"http:\/\/photo.davidalquier.fr\/?p=1110"},"modified":"2022-03-14T11:43:28","modified_gmt":"2022-03-14T11:43:28","slug":"carnets-nature-mammiferes-faune-du-parc-national-du-simien","status":"publish","type":"post","link":"https:\/\/photo.davidalquier.fr\/?p=1110","title":{"rendered":"Carnets Nature \u2013 Mammif\u00e8res <br>LE BOUQUETIN D&rsquo;ABYSSINIE"},"content":{"rendered":"<p>Les photos qui suivent ont \u00e9t\u00e9 prises lors d\u2019un voyage en \u00c9thiopie du 22 avril au 6 mai 2017, avec mes amis naturalistes et photographes Claude P. et G\u00e9rard B. Elles ont toutes \u00e9t\u00e9 faites depuis le 4\u00d74 de G\u00e9dion, notre guide, ou \u00e0 pied sur les pistes du Parc national du Simien.<\/p>\n<figure id=\"attachment_1136\" aria-describedby=\"caption-attachment-1136\" style=\"width: 1200px\" class=\"wp-caption aligncenter\"><a href=\"http:\/\/photo.davidalquier.fr\/wp-content\/uploads\/2019\/02\/Nature-WaliaIbex-01.jpg\"><img loading=\"lazy\" decoding=\"async\" src=\"http:\/\/photo.davidalquier.fr\/wp-content\/uploads\/2019\/02\/Nature-WaliaIbex-01-1200x798.jpg\" alt=\"Ibex Walia\" width=\"1200\" height=\"798\" class=\"size-large wp-image-1136\" srcset=\"https:\/\/photo.davidalquier.fr\/wp-content\/uploads\/2019\/02\/Nature-WaliaIbex-01-1200x798.jpg 1200w, https:\/\/photo.davidalquier.fr\/wp-content\/uploads\/2019\/02\/Nature-WaliaIbex-01-600x399.jpg 600w, https:\/\/photo.davidalquier.fr\/wp-content\/uploads\/2019\/02\/Nature-WaliaIbex-01-768x511.jpg 768w, https:\/\/photo.davidalquier.fr\/wp-content\/uploads\/2019\/02\/Nature-WaliaIbex-01-526x350.jpg 526w, https:\/\/photo.davidalquier.fr\/wp-content\/uploads\/2019\/02\/Nature-WaliaIbex-01.jpg 1920w\" sizes=\"auto, (max-width: 1200px) 100vw, 1200px\" \/><\/a><figcaption id=\"caption-attachment-1136\" class=\"wp-caption-text\">Bouquetin d&rsquo;Abyssinie (Ibex Walia) &#8211; Ethiopie &#8211; Parc National du Simien  &#8211; 01\/05\/2017<\/figcaption><\/figure>\n<figure id=\"attachment_1137\" aria-describedby=\"caption-attachment-1137\" style=\"width: 1200px\" class=\"wp-caption aligncenter\"><a href=\"http:\/\/photo.davidalquier.fr\/wp-content\/uploads\/2019\/02\/Nature-WaliaIbex-02.jpg\"><img loading=\"lazy\" decoding=\"async\" src=\"http:\/\/photo.davidalquier.fr\/wp-content\/uploads\/2019\/02\/Nature-WaliaIbex-02-1200x798.jpg\" alt=\"Ibex Walia\" width=\"1200\" height=\"798\" class=\"size-large wp-image-1137\" srcset=\"https:\/\/photo.davidalquier.fr\/wp-content\/uploads\/2019\/02\/Nature-WaliaIbex-02-1200x798.jpg 1200w, https:\/\/photo.davidalquier.fr\/wp-content\/uploads\/2019\/02\/Nature-WaliaIbex-02-600x399.jpg 600w, https:\/\/photo.davidalquier.fr\/wp-content\/uploads\/2019\/02\/Nature-WaliaIbex-02-768x511.jpg 768w, https:\/\/photo.davidalquier.fr\/wp-content\/uploads\/2019\/02\/Nature-WaliaIbex-02-526x350.jpg 526w, https:\/\/photo.davidalquier.fr\/wp-content\/uploads\/2019\/02\/Nature-WaliaIbex-02.jpg 1920w\" sizes=\"auto, (max-width: 1200px) 100vw, 1200px\" \/><\/a><figcaption id=\"caption-attachment-1137\" class=\"wp-caption-text\">Bouquetin d&rsquo;Abyssinie (Ibex Walia) &#8211; Ethiopie &#8211; Parc National du Simien  &#8211; 01\/05\/2017<\/figcaption><\/figure>\n<figure id=\"attachment_1138\" aria-describedby=\"caption-attachment-1138\" style=\"width: 1200px\" class=\"wp-caption aligncenter\"><a href=\"http:\/\/photo.davidalquier.fr\/wp-content\/uploads\/2019\/02\/Nature-WaliaIbex-03.jpg\"><img loading=\"lazy\" decoding=\"async\" src=\"http:\/\/photo.davidalquier.fr\/wp-content\/uploads\/2019\/02\/Nature-WaliaIbex-03-1200x798.jpg\" alt=\"Ibex Walia\" width=\"1200\" height=\"798\" class=\"size-large wp-image-1138\" srcset=\"https:\/\/photo.davidalquier.fr\/wp-content\/uploads\/2019\/02\/Nature-WaliaIbex-03-1200x798.jpg 1200w, https:\/\/photo.davidalquier.fr\/wp-content\/uploads\/2019\/02\/Nature-WaliaIbex-03-600x399.jpg 600w, https:\/\/photo.davidalquier.fr\/wp-content\/uploads\/2019\/02\/Nature-WaliaIbex-03-768x511.jpg 768w, https:\/\/photo.davidalquier.fr\/wp-content\/uploads\/2019\/02\/Nature-WaliaIbex-03-526x350.jpg 526w, https:\/\/photo.davidalquier.fr\/wp-content\/uploads\/2019\/02\/Nature-WaliaIbex-03.jpg 1920w\" sizes=\"auto, (max-width: 1200px) 100vw, 1200px\" \/><\/a><figcaption id=\"caption-attachment-1138\" class=\"wp-caption-text\">Bouquetin d&rsquo;Abyssinie (Ibex Walia) &#8211; Ethiopie &#8211; Parc National du Simien  &#8211; 01\/05\/2017<\/figcaption><\/figure>\n<figure id=\"attachment_1139\" aria-describedby=\"caption-attachment-1139\" style=\"width: 1200px\" class=\"wp-caption aligncenter\"><a href=\"http:\/\/photo.davidalquier.fr\/wp-content\/uploads\/2019\/02\/Nature-WaliaIbex-04.jpg\"><img loading=\"lazy\" decoding=\"async\" src=\"http:\/\/photo.davidalquier.fr\/wp-content\/uploads\/2019\/02\/Nature-WaliaIbex-04-1200x798.jpg\" alt=\"Ibex Walia\" width=\"1200\" height=\"798\" class=\"size-large wp-image-1139\" srcset=\"https:\/\/photo.davidalquier.fr\/wp-content\/uploads\/2019\/02\/Nature-WaliaIbex-04-1200x798.jpg 1200w, https:\/\/photo.davidalquier.fr\/wp-content\/uploads\/2019\/02\/Nature-WaliaIbex-04-600x399.jpg 600w, https:\/\/photo.davidalquier.fr\/wp-content\/uploads\/2019\/02\/Nature-WaliaIbex-04-768x511.jpg 768w, https:\/\/photo.davidalquier.fr\/wp-content\/uploads\/2019\/02\/Nature-WaliaIbex-04-526x350.jpg 526w, https:\/\/photo.davidalquier.fr\/wp-content\/uploads\/2019\/02\/Nature-WaliaIbex-04.jpg 1920w\" sizes=\"auto, (max-width: 1200px) 100vw, 1200px\" \/><\/a><figcaption id=\"caption-attachment-1139\" class=\"wp-caption-text\">Bouquetin d&rsquo;Abyssinie (Ibex Walia) &#8211; Ethiopie &#8211; Parc National du Simien  &#8211; 01\/05\/2017<\/figcaption><\/figure>\n<figure id=\"attachment_1140\" aria-describedby=\"caption-attachment-1140\" style=\"width: 1200px\" class=\"wp-caption aligncenter\"><a href=\"http:\/\/photo.davidalquier.fr\/wp-content\/uploads\/2019\/02\/Nature-WaliaIbex-05.jpg\"><img loading=\"lazy\" decoding=\"async\" src=\"http:\/\/photo.davidalquier.fr\/wp-content\/uploads\/2019\/02\/Nature-WaliaIbex-05-1200x798.jpg\" alt=\"Ibex Walia\" width=\"1200\" height=\"798\" class=\"size-large wp-image-1140\" srcset=\"https:\/\/photo.davidalquier.fr\/wp-content\/uploads\/2019\/02\/Nature-WaliaIbex-05-1200x798.jpg 1200w, https:\/\/photo.davidalquier.fr\/wp-content\/uploads\/2019\/02\/Nature-WaliaIbex-05-600x399.jpg 600w, https:\/\/photo.davidalquier.fr\/wp-content\/uploads\/2019\/02\/Nature-WaliaIbex-05-768x511.jpg 768w, https:\/\/photo.davidalquier.fr\/wp-content\/uploads\/2019\/02\/Nature-WaliaIbex-05-526x350.jpg 526w, https:\/\/photo.davidalquier.fr\/wp-content\/uploads\/2019\/02\/Nature-WaliaIbex-05.jpg 1920w\" sizes=\"auto, (max-width: 1200px) 100vw, 1200px\" \/><\/a><figcaption id=\"caption-attachment-1140\" class=\"wp-caption-text\">Bouquetin d&rsquo;Abyssinie (Ibex Walia) &#8211; Ethiopie &#8211; Parc National du Simien  &#8211; 01\/05\/2017<\/figcaption><\/figure>\n<figure id=\"attachment_1142\" aria-describedby=\"caption-attachment-1142\" style=\"width: 1200px\" class=\"wp-caption aligncenter\"><a href=\"http:\/\/photo.davidalquier.fr\/wp-content\/uploads\/2019\/02\/Nature-WaliaIbex-07.jpg\"><img loading=\"lazy\" decoding=\"async\" src=\"http:\/\/photo.davidalquier.fr\/wp-content\/uploads\/2019\/02\/Nature-WaliaIbex-07-1200x798.jpg\" alt=\"Ibex Walia\" width=\"1200\" height=\"798\" class=\"size-large wp-image-1142\" srcset=\"https:\/\/photo.davidalquier.fr\/wp-content\/uploads\/2019\/02\/Nature-WaliaIbex-07-1200x798.jpg 1200w, https:\/\/photo.davidalquier.fr\/wp-content\/uploads\/2019\/02\/Nature-WaliaIbex-07-600x399.jpg 600w, https:\/\/photo.davidalquier.fr\/wp-content\/uploads\/2019\/02\/Nature-WaliaIbex-07-768x511.jpg 768w, https:\/\/photo.davidalquier.fr\/wp-content\/uploads\/2019\/02\/Nature-WaliaIbex-07-526x350.jpg 526w, https:\/\/photo.davidalquier.fr\/wp-content\/uploads\/2019\/02\/Nature-WaliaIbex-07.jpg 1920w\" sizes=\"auto, (max-width: 1200px) 100vw, 1200px\" \/><\/a><figcaption id=\"caption-attachment-1142\" class=\"wp-caption-text\">Bouquetin d&rsquo;Abyssinie (Ibex Walia) &#8211; Ethiopie &#8211; Parc National du Simien  &#8211; 01\/05\/2017<\/figcaption><\/figure>\n<figure id=\"attachment_1143\" aria-describedby=\"caption-attachment-1143\" style=\"width: 1200px\" class=\"wp-caption aligncenter\"><a href=\"http:\/\/photo.davidalquier.fr\/wp-content\/uploads\/2019\/02\/Nature-WaliaIbex-08.jpg\"><img loading=\"lazy\" decoding=\"async\" src=\"http:\/\/photo.davidalquier.fr\/wp-content\/uploads\/2019\/02\/Nature-WaliaIbex-08-1200x798.jpg\" alt=\"Ibex Walia\" width=\"1200\" height=\"798\" class=\"size-large wp-image-1143\" srcset=\"https:\/\/photo.davidalquier.fr\/wp-content\/uploads\/2019\/02\/Nature-WaliaIbex-08-1200x798.jpg 1200w, https:\/\/photo.davidalquier.fr\/wp-content\/uploads\/2019\/02\/Nature-WaliaIbex-08-600x399.jpg 600w, https:\/\/photo.davidalquier.fr\/wp-content\/uploads\/2019\/02\/Nature-WaliaIbex-08-768x511.jpg 768w, https:\/\/photo.davidalquier.fr\/wp-content\/uploads\/2019\/02\/Nature-WaliaIbex-08-526x350.jpg 526w, https:\/\/photo.davidalquier.fr\/wp-content\/uploads\/2019\/02\/Nature-WaliaIbex-08.jpg 1920w\" sizes=\"auto, (max-width: 1200px) 100vw, 1200px\" \/><\/a><figcaption id=\"caption-attachment-1143\" class=\"wp-caption-text\">Bouquetin d&rsquo;Abyssinie (Ibex Walia) &#8211; Ethiopie &#8211; Parc National du Simien  &#8211; 01\/05\/2017<\/figcaption><\/figure>\n<figure id=\"attachment_1145\" aria-describedby=\"caption-attachment-1145\" style=\"width: 1200px\" class=\"wp-caption aligncenter\"><a href=\"http:\/\/photo.davidalquier.fr\/wp-content\/uploads\/2019\/02\/Nature-WaliaIbex-10.jpg\"><img loading=\"lazy\" decoding=\"async\" src=\"http:\/\/photo.davidalquier.fr\/wp-content\/uploads\/2019\/02\/Nature-WaliaIbex-10-1200x798.jpg\" alt=\"Ibex Walia\" width=\"1200\" height=\"798\" class=\"size-large wp-image-1145\" srcset=\"https:\/\/photo.davidalquier.fr\/wp-content\/uploads\/2019\/02\/Nature-WaliaIbex-10-1200x798.jpg 1200w, https:\/\/photo.davidalquier.fr\/wp-content\/uploads\/2019\/02\/Nature-WaliaIbex-10-600x399.jpg 600w, https:\/\/photo.davidalquier.fr\/wp-content\/uploads\/2019\/02\/Nature-WaliaIbex-10-768x511.jpg 768w, https:\/\/photo.davidalquier.fr\/wp-content\/uploads\/2019\/02\/Nature-WaliaIbex-10-526x350.jpg 526w, https:\/\/photo.davidalquier.fr\/wp-content\/uploads\/2019\/02\/Nature-WaliaIbex-10.jpg 1920w\" sizes=\"auto, (max-width: 1200px) 100vw, 1200px\" \/><\/a><figcaption id=\"caption-attachment-1145\" class=\"wp-caption-text\">Bouquetin d&rsquo;Abyssinie femelle (Ibex Walia) &#8211; Ethiopie &#8211; Parc National du Simien  &#8211; 01\/05\/2017<\/figcaption><\/figure>\n<figure id=\"attachment_1146\" aria-describedby=\"caption-attachment-1146\" style=\"width: 1200px\" class=\"wp-caption aligncenter\"><a href=\"http:\/\/photo.davidalquier.fr\/wp-content\/uploads\/2019\/02\/Nature-WaliaIbex-11.jpg\"><img loading=\"lazy\" decoding=\"async\" src=\"http:\/\/photo.davidalquier.fr\/wp-content\/uploads\/2019\/02\/Nature-WaliaIbex-11-1200x798.jpg\" alt=\"Ibex Walia\" width=\"1200\" height=\"798\" class=\"size-large wp-image-1146\" srcset=\"https:\/\/photo.davidalquier.fr\/wp-content\/uploads\/2019\/02\/Nature-WaliaIbex-11-1200x798.jpg 1200w, https:\/\/photo.davidalquier.fr\/wp-content\/uploads\/2019\/02\/Nature-WaliaIbex-11-600x399.jpg 600w, https:\/\/photo.davidalquier.fr\/wp-content\/uploads\/2019\/02\/Nature-WaliaIbex-11-768x511.jpg 768w, https:\/\/photo.davidalquier.fr\/wp-content\/uploads\/2019\/02\/Nature-WaliaIbex-11-526x350.jpg 526w, https:\/\/photo.davidalquier.fr\/wp-content\/uploads\/2019\/02\/Nature-WaliaIbex-11.jpg 1920w\" sizes=\"auto, (max-width: 1200px) 100vw, 1200px\" \/><\/a><figcaption id=\"caption-attachment-1146\" class=\"wp-caption-text\">Bouquetin d&rsquo;Abyssinie femelle (Ibex Walia) &#8211; Ethiopie &#8211; Parc National du Simien  &#8211; 01\/05\/2017<\/figcaption><\/figure>\n<figure id=\"attachment_1147\" aria-describedby=\"caption-attachment-1147\" style=\"width: 1200px\" class=\"wp-caption aligncenter\"><a href=\"http:\/\/photo.davidalquier.fr\/wp-content\/uploads\/2019\/02\/Nature-WaliaIbex-12.jpg\"><img loading=\"lazy\" decoding=\"async\" src=\"http:\/\/photo.davidalquier.fr\/wp-content\/uploads\/2019\/02\/Nature-WaliaIbex-12-1200x798.jpg\" alt=\"Ibex Walia\" width=\"1200\" height=\"798\" class=\"size-large wp-image-1147\" srcset=\"https:\/\/photo.davidalquier.fr\/wp-content\/uploads\/2019\/02\/Nature-WaliaIbex-12-1200x798.jpg 1200w, https:\/\/photo.davidalquier.fr\/wp-content\/uploads\/2019\/02\/Nature-WaliaIbex-12-600x399.jpg 600w, https:\/\/photo.davidalquier.fr\/wp-content\/uploads\/2019\/02\/Nature-WaliaIbex-12-768x511.jpg 768w, https:\/\/photo.davidalquier.fr\/wp-content\/uploads\/2019\/02\/Nature-WaliaIbex-12-526x350.jpg 526w, https:\/\/photo.davidalquier.fr\/wp-content\/uploads\/2019\/02\/Nature-WaliaIbex-12.jpg 1920w\" sizes=\"auto, (max-width: 1200px) 100vw, 1200px\" \/><\/a><figcaption id=\"caption-attachment-1147\" class=\"wp-caption-text\">Bouquetin d&rsquo;Abyssinie femelle (Ibex Walia) &#8211; Ethiopie &#8211; Parc National du Simien  &#8211; 01\/05\/2017<\/figcaption><\/figure>\n","protected":false},"excerpt":{"rendered":"<p>Les photos qui suivent ont \u00e9t\u00e9 prises lors d\u2019un voyage en \u00c9thiopie du 22 avril au 6 mai 2017, avec mes amis naturalistes et photographes Claude P. et G\u00e9rard B. Elles ont toutes \u00e9t\u00e9 faites depuis le 4\u00d74 de G\u00e9dion, notre guide, ou \u00e0 pied sur les pistes du Parc national du Simien.<\/p>\n","protected":false},"author":1,"featured_media":1136,"comment_status":"closed","ping_status":"closed","sticky":false,"template":"","format":"standard","meta":{"ngg_post_thumbnail":0,"footnotes":""},"categories":[10,15],"tags":[6,7],"class_list":["post-1110","post","type-post","status-publish","format-standard","has-post-thumbnail","hentry","category-nature","category-mammiferes","tag-ethiopie","tag-faune"],"_links":{"self":[{"href":"https:\/\/photo.davidalquier.fr\/index.php?rest_route=\/wp\/v2\/posts\/1110","targetHints":{"allow":["GET"]}}],"collection":[{"href":"https:\/\/photo.davidalquier.fr\/index.php?rest_route=\/wp\/v2\/posts"}],"about":[{"href":"https:\/\/photo.davidalquier.fr\/index.php?rest_route=\/wp\/v2\/types\/post"}],"author":[{"embeddable":true,"href":"https:\/\/photo.davidalquier.fr\/index.php?rest_route=\/wp\/v2\/users\/1"}],"replies":[{"embeddable":true,"href":"https:\/\/photo.davidalquier.fr\/index.php?rest_route=%2Fwp%2Fv2%2Fcomments&post=1110"}],"version-history":[{"count":0,"href":"https:\/\/photo.davidalquier.fr\/index.php?rest_route=\/wp\/v2\/posts\/1110\/revisions"}],"wp:featuredmedia":[{"embeddable":true,"href":"https:\/\/photo.davidalquier.fr\/index.php?rest_route=\/wp\/v2\/media\/1136"}],"wp:attachment":[{"href":"https:\/\/photo.davidalquier.fr\/index.php?rest_route=%2Fwp%2Fv2%2Fmedia&parent=1110"}],"wp:term":[{"taxonomy":"category","embeddable":true,"href":"https:\/\/photo.davidalquier.fr\/index.php?rest_route=%2Fwp%2Fv2%2Fcategories&post=1110"},{"taxonomy":"post_tag","embeddable":true,"href":"https:\/\/photo.davidalquier.fr\/index.php?rest_route=%2Fwp%2Fv2%2Ftags&post=1110"}],"curies":[{"name":"wp","href":"https:\/\/api.w.org\/{rel}","templated":true}]}}