{"id":1115,"date":"2017-05-01T10:00:48","date_gmt":"2017-05-01T10:00:48","guid":{"rendered":"http:\/\/photo.davidalquier.fr\/?p=1115"},"modified":"2020-08-18T20:35:48","modified_gmt":"2020-08-18T20:35:48","slug":"carnets-nature-oiseauxoiseaux-du-parc-du-simien","status":"publish","type":"post","link":"https:\/\/photo.davidalquier.fr\/?p=1115","title":{"rendered":"Carnets Nature \u2013 Oiseaux<BR>OISEAUX DU PARC DU SIMIEN"},"content":{"rendered":"<p>Les photos qui suivent ont \u00e9t\u00e9 prises lors d\u2019un voyage en \u00c9thiopie du 22 avril au 6 mai 2017, avec mes amis naturalistes et photographes Claude P. et G\u00e9rard B. Elles ont toutes \u00e9t\u00e9 faites depuis le 4\u00d74 de G\u00e9dion, notre guide, ou \u00e0 pied sur les pistes du Parc national du Simien et ses environs.<\/p>\n<figure id=\"attachment_1476\" aria-describedby=\"caption-attachment-1476\" style=\"width: 1200px\" class=\"wp-caption aligncenter\"><a href=\"http:\/\/photo.davidalquier.fr\/wp-content\/uploads\/2019\/11\/Nature-Ethiopie-Simien-04-oiseaux.jpg\"><img loading=\"lazy\" decoding=\"async\" src=\"http:\/\/photo.davidalquier.fr\/wp-content\/uploads\/2019\/11\/Nature-Ethiopie-Simien-04-oiseaux-1200x675.jpg\" alt=\"\u00c9lanion blanc\" width=\"1200\" height=\"675\" class=\"size-large wp-image-1476\" srcset=\"https:\/\/photo.davidalquier.fr\/wp-content\/uploads\/2019\/11\/Nature-Ethiopie-Simien-04-oiseaux-1200x675.jpg 1200w, https:\/\/photo.davidalquier.fr\/wp-content\/uploads\/2019\/11\/Nature-Ethiopie-Simien-04-oiseaux-600x338.jpg 600w, https:\/\/photo.davidalquier.fr\/wp-content\/uploads\/2019\/11\/Nature-Ethiopie-Simien-04-oiseaux-768x432.jpg 768w, https:\/\/photo.davidalquier.fr\/wp-content\/uploads\/2019\/11\/Nature-Ethiopie-Simien-04-oiseaux-1536x864.jpg 1536w, https:\/\/photo.davidalquier.fr\/wp-content\/uploads\/2019\/11\/Nature-Ethiopie-Simien-04-oiseaux-622x350.jpg 622w, https:\/\/photo.davidalquier.fr\/wp-content\/uploads\/2019\/11\/Nature-Ethiopie-Simien-04-oiseaux.jpg 1920w\" sizes=\"auto, (max-width: 1200px) 100vw, 1200px\" \/><\/a><figcaption id=\"caption-attachment-1476\" class=\"wp-caption-text\">\u00c9lanion blanc \u2013 \u00c9thiopie \u2013 Parc National du Simiens \u2013 30\/04\/2017<\/figcaption><\/figure>\n<figure id=\"attachment_1473\" aria-describedby=\"caption-attachment-1473\" style=\"width: 1200px\" class=\"wp-caption aligncenter\"><a href=\"http:\/\/photo.davidalquier.fr\/wp-content\/uploads\/2019\/11\/Nature-Ethiopie-Simien-01-oiseaux.jpg\"><img loading=\"lazy\" decoding=\"async\" src=\"http:\/\/photo.davidalquier.fr\/wp-content\/uploads\/2019\/11\/Nature-Ethiopie-Simien-01-oiseaux-1200x800.jpg\" alt=\"Merle litsitsirupa\" width=\"1200\" height=\"800\" class=\"size-large wp-image-1473\" srcset=\"https:\/\/photo.davidalquier.fr\/wp-content\/uploads\/2019\/11\/Nature-Ethiopie-Simien-01-oiseaux-1200x800.jpg 1200w, https:\/\/photo.davidalquier.fr\/wp-content\/uploads\/2019\/11\/Nature-Ethiopie-Simien-01-oiseaux-600x400.jpg 600w, https:\/\/photo.davidalquier.fr\/wp-content\/uploads\/2019\/11\/Nature-Ethiopie-Simien-01-oiseaux-768x512.jpg 768w, https:\/\/photo.davidalquier.fr\/wp-content\/uploads\/2019\/11\/Nature-Ethiopie-Simien-01-oiseaux-1536x1024.jpg 1536w, https:\/\/photo.davidalquier.fr\/wp-content\/uploads\/2019\/11\/Nature-Ethiopie-Simien-01-oiseaux-525x350.jpg 525w, https:\/\/photo.davidalquier.fr\/wp-content\/uploads\/2019\/11\/Nature-Ethiopie-Simien-01-oiseaux.jpg 1920w\" sizes=\"auto, (max-width: 1200px) 100vw, 1200px\" \/><\/a><figcaption id=\"caption-attachment-1473\" class=\"wp-caption-text\">Merle litsitsirupa \u2013 \u00c9thiopie \u2013 Parc National du Simiens \u2013 30\/04\/2017<\/figcaption><\/figure>\n<figure id=\"attachment_1474\" aria-describedby=\"caption-attachment-1474\" style=\"width: 1200px\" class=\"wp-caption aligncenter\"><a href=\"http:\/\/photo.davidalquier.fr\/wp-content\/uploads\/2019\/11\/Nature-Ethiopie-Simien-02-oiseaux.jpg\"><img loading=\"lazy\" decoding=\"async\" src=\"http:\/\/photo.davidalquier.fr\/wp-content\/uploads\/2019\/11\/Nature-Ethiopie-Simien-02-oiseaux-1200x800.jpg\" alt=\"Francolin d&#039;Erckel\" width=\"1200\" height=\"800\" class=\"size-large wp-image-1474\" srcset=\"https:\/\/photo.davidalquier.fr\/wp-content\/uploads\/2019\/11\/Nature-Ethiopie-Simien-02-oiseaux-1200x800.jpg 1200w, https:\/\/photo.davidalquier.fr\/wp-content\/uploads\/2019\/11\/Nature-Ethiopie-Simien-02-oiseaux-600x400.jpg 600w, https:\/\/photo.davidalquier.fr\/wp-content\/uploads\/2019\/11\/Nature-Ethiopie-Simien-02-oiseaux-768x512.jpg 768w, https:\/\/photo.davidalquier.fr\/wp-content\/uploads\/2019\/11\/Nature-Ethiopie-Simien-02-oiseaux-1536x1024.jpg 1536w, https:\/\/photo.davidalquier.fr\/wp-content\/uploads\/2019\/11\/Nature-Ethiopie-Simien-02-oiseaux-525x350.jpg 525w, https:\/\/photo.davidalquier.fr\/wp-content\/uploads\/2019\/11\/Nature-Ethiopie-Simien-02-oiseaux.jpg 1920w\" sizes=\"auto, (max-width: 1200px) 100vw, 1200px\" \/><\/a><figcaption id=\"caption-attachment-1474\" class=\"wp-caption-text\">Francolin d&rsquo;Erckel \u2013 \u00c9thiopie \u2013 Parc National du Simiens \u2013 30\/04\/2017<\/figcaption><\/figure>\n<figure id=\"attachment_1475\" aria-describedby=\"caption-attachment-1475\" style=\"width: 1200px\" class=\"wp-caption aligncenter\"><a href=\"http:\/\/photo.davidalquier.fr\/wp-content\/uploads\/2019\/11\/Nature-Ethiopie-Simien-03-oiseaux.jpg\"><img loading=\"lazy\" decoding=\"async\" src=\"http:\/\/photo.davidalquier.fr\/wp-content\/uploads\/2019\/11\/Nature-Ethiopie-Simien-03-oiseaux-1200x800.jpg\" alt=\"Traquet afroalpin\" width=\"1200\" height=\"800\" class=\"size-large wp-image-1475\" srcset=\"https:\/\/photo.davidalquier.fr\/wp-content\/uploads\/2019\/11\/Nature-Ethiopie-Simien-03-oiseaux-1200x800.jpg 1200w, https:\/\/photo.davidalquier.fr\/wp-content\/uploads\/2019\/11\/Nature-Ethiopie-Simien-03-oiseaux-600x400.jpg 600w, https:\/\/photo.davidalquier.fr\/wp-content\/uploads\/2019\/11\/Nature-Ethiopie-Simien-03-oiseaux-768x512.jpg 768w, https:\/\/photo.davidalquier.fr\/wp-content\/uploads\/2019\/11\/Nature-Ethiopie-Simien-03-oiseaux-1536x1024.jpg 1536w, https:\/\/photo.davidalquier.fr\/wp-content\/uploads\/2019\/11\/Nature-Ethiopie-Simien-03-oiseaux-525x350.jpg 525w, https:\/\/photo.davidalquier.fr\/wp-content\/uploads\/2019\/11\/Nature-Ethiopie-Simien-03-oiseaux.jpg 1920w\" sizes=\"auto, (max-width: 1200px) 100vw, 1200px\" \/><\/a><figcaption id=\"caption-attachment-1475\" class=\"wp-caption-text\">Traquet afroalpin \u2013 \u00c9thiopie \u2013 Parc National du Simiens \u2013 30\/04\/2017<\/figcaption><\/figure>\n<figure id=\"attachment_1477\" aria-describedby=\"caption-attachment-1477\" style=\"width: 1200px\" class=\"wp-caption aligncenter\"><a href=\"http:\/\/photo.davidalquier.fr\/wp-content\/uploads\/2019\/11\/Nature-Ethiopie-Simien-05-oiseaux.jpg\"><img loading=\"lazy\" decoding=\"async\" src=\"http:\/\/photo.davidalquier.fr\/wp-content\/uploads\/2019\/11\/Nature-Ethiopie-Simien-05-oiseaux-1200x800.jpg\" alt=\"Crat\u00e9rope \u00e0 croupion blanc\" width=\"1200\" height=\"800\" class=\"size-large wp-image-1477\" srcset=\"https:\/\/photo.davidalquier.fr\/wp-content\/uploads\/2019\/11\/Nature-Ethiopie-Simien-05-oiseaux-1200x800.jpg 1200w, https:\/\/photo.davidalquier.fr\/wp-content\/uploads\/2019\/11\/Nature-Ethiopie-Simien-05-oiseaux-600x400.jpg 600w, https:\/\/photo.davidalquier.fr\/wp-content\/uploads\/2019\/11\/Nature-Ethiopie-Simien-05-oiseaux-768x512.jpg 768w, https:\/\/photo.davidalquier.fr\/wp-content\/uploads\/2019\/11\/Nature-Ethiopie-Simien-05-oiseaux-1536x1024.jpg 1536w, https:\/\/photo.davidalquier.fr\/wp-content\/uploads\/2019\/11\/Nature-Ethiopie-Simien-05-oiseaux-525x350.jpg 525w, https:\/\/photo.davidalquier.fr\/wp-content\/uploads\/2019\/11\/Nature-Ethiopie-Simien-05-oiseaux.jpg 1920w\" sizes=\"auto, (max-width: 1200px) 100vw, 1200px\" \/><\/a><figcaption id=\"caption-attachment-1477\" class=\"wp-caption-text\">Crat\u00e9rope \u00e0 croupion blanc \u2013 \u00c9thiopie \u2013 Parc National du Simiens \u2013 30\/04\/2017<\/figcaption><\/figure>\n<figure id=\"attachment_1478\" aria-describedby=\"caption-attachment-1478\" style=\"width: 1200px\" class=\"wp-caption aligncenter\"><a href=\"http:\/\/photo.davidalquier.fr\/wp-content\/uploads\/2019\/11\/Nature-Ethiopie-Simien-06-oiseaux.jpg\"><img loading=\"lazy\" decoding=\"async\" src=\"http:\/\/photo.davidalquier.fr\/wp-content\/uploads\/2019\/11\/Nature-Ethiopie-Simien-06-oiseaux-1200x798.jpg\" alt=\"Corbeau corbivau\" width=\"1200\" height=\"798\" class=\"size-large wp-image-1478\" srcset=\"https:\/\/photo.davidalquier.fr\/wp-content\/uploads\/2019\/11\/Nature-Ethiopie-Simien-06-oiseaux-1200x798.jpg 1200w, https:\/\/photo.davidalquier.fr\/wp-content\/uploads\/2019\/11\/Nature-Ethiopie-Simien-06-oiseaux-600x399.jpg 600w, https:\/\/photo.davidalquier.fr\/wp-content\/uploads\/2019\/11\/Nature-Ethiopie-Simien-06-oiseaux-768x511.jpg 768w, https:\/\/photo.davidalquier.fr\/wp-content\/uploads\/2019\/11\/Nature-Ethiopie-Simien-06-oiseaux-1536x1022.jpg 1536w, https:\/\/photo.davidalquier.fr\/wp-content\/uploads\/2019\/11\/Nature-Ethiopie-Simien-06-oiseaux-526x350.jpg 526w, https:\/\/photo.davidalquier.fr\/wp-content\/uploads\/2019\/11\/Nature-Ethiopie-Simien-06-oiseaux.jpg 1920w\" sizes=\"auto, (max-width: 1200px) 100vw, 1200px\" \/><\/a><figcaption id=\"caption-attachment-1478\" class=\"wp-caption-text\">Corbeau corbivau \u2013 \u00c9thiopie \u2013 Parc National du Simiens \u2013 30\/04\/2017<\/figcaption><\/figure>\n<figure id=\"attachment_1479\" aria-describedby=\"caption-attachment-1479\" style=\"width: 1200px\" class=\"wp-caption aligncenter\"><a href=\"http:\/\/photo.davidalquier.fr\/wp-content\/uploads\/2019\/11\/Nature-Ethiopie-Simien-07-oiseaux.jpg\"><img loading=\"lazy\" decoding=\"async\" src=\"http:\/\/photo.davidalquier.fr\/wp-content\/uploads\/2019\/11\/Nature-Ethiopie-Simien-07-oiseaux-1200x798.jpg\" alt=\"Corbeau corbivau\" width=\"1200\" height=\"798\" class=\"size-large wp-image-1479\" srcset=\"https:\/\/photo.davidalquier.fr\/wp-content\/uploads\/2019\/11\/Nature-Ethiopie-Simien-07-oiseaux-1200x798.jpg 1200w, https:\/\/photo.davidalquier.fr\/wp-content\/uploads\/2019\/11\/Nature-Ethiopie-Simien-07-oiseaux-600x399.jpg 600w, https:\/\/photo.davidalquier.fr\/wp-content\/uploads\/2019\/11\/Nature-Ethiopie-Simien-07-oiseaux-768x511.jpg 768w, https:\/\/photo.davidalquier.fr\/wp-content\/uploads\/2019\/11\/Nature-Ethiopie-Simien-07-oiseaux-1536x1022.jpg 1536w, https:\/\/photo.davidalquier.fr\/wp-content\/uploads\/2019\/11\/Nature-Ethiopie-Simien-07-oiseaux-526x350.jpg 526w, https:\/\/photo.davidalquier.fr\/wp-content\/uploads\/2019\/11\/Nature-Ethiopie-Simien-07-oiseaux.jpg 1920w\" sizes=\"auto, (max-width: 1200px) 100vw, 1200px\" \/><\/a><figcaption id=\"caption-attachment-1479\" class=\"wp-caption-text\">Corbeau corbivau \u2013 \u00c9thiopie \u2013 Parc National du Simiens \u2013 30\/04\/2017<\/figcaption><\/figure>\n<figure id=\"attachment_1480\" aria-describedby=\"caption-attachment-1480\" style=\"width: 1200px\" class=\"wp-caption aligncenter\"><a href=\"http:\/\/photo.davidalquier.fr\/wp-content\/uploads\/2019\/11\/Nature-Ethiopie-Simien-08-oiseaux.jpg\"><img loading=\"lazy\" decoding=\"async\" src=\"http:\/\/photo.davidalquier.fr\/wp-content\/uploads\/2019\/11\/Nature-Ethiopie-Simien-08-oiseaux-1200x798.jpg\" alt=\"Corbeau corbivau\" width=\"1200\" height=\"798\" class=\"size-large wp-image-1480\" srcset=\"https:\/\/photo.davidalquier.fr\/wp-content\/uploads\/2019\/11\/Nature-Ethiopie-Simien-08-oiseaux-1200x798.jpg 1200w, https:\/\/photo.davidalquier.fr\/wp-content\/uploads\/2019\/11\/Nature-Ethiopie-Simien-08-oiseaux-600x399.jpg 600w, https:\/\/photo.davidalquier.fr\/wp-content\/uploads\/2019\/11\/Nature-Ethiopie-Simien-08-oiseaux-768x511.jpg 768w, https:\/\/photo.davidalquier.fr\/wp-content\/uploads\/2019\/11\/Nature-Ethiopie-Simien-08-oiseaux-1536x1022.jpg 1536w, https:\/\/photo.davidalquier.fr\/wp-content\/uploads\/2019\/11\/Nature-Ethiopie-Simien-08-oiseaux-526x350.jpg 526w, https:\/\/photo.davidalquier.fr\/wp-content\/uploads\/2019\/11\/Nature-Ethiopie-Simien-08-oiseaux.jpg 1920w\" sizes=\"auto, (max-width: 1200px) 100vw, 1200px\" \/><\/a><figcaption id=\"caption-attachment-1480\" class=\"wp-caption-text\">Corbeau corbivau \u2013 \u00c9thiopie \u2013 Parc National du Simiens \u2013 30\/04\/2017<\/figcaption><\/figure>\n<figure id=\"attachment_1485\" aria-describedby=\"caption-attachment-1485\" style=\"width: 1200px\" class=\"wp-caption aligncenter\"><a href=\"http:\/\/photo.davidalquier.fr\/wp-content\/uploads\/2019\/11\/Nature-Ethiopie-Simien-09-oiseaux.jpg\"><img loading=\"lazy\" decoding=\"async\" src=\"http:\/\/photo.davidalquier.fr\/wp-content\/uploads\/2019\/11\/Nature-Ethiopie-Simien-09-oiseaux-1200x800.jpg\" alt=\"Corneille du Cap\" width=\"1200\" height=\"800\" class=\"size-large wp-image-1485\" srcset=\"https:\/\/photo.davidalquier.fr\/wp-content\/uploads\/2019\/11\/Nature-Ethiopie-Simien-09-oiseaux-1200x800.jpg 1200w, https:\/\/photo.davidalquier.fr\/wp-content\/uploads\/2019\/11\/Nature-Ethiopie-Simien-09-oiseaux-600x400.jpg 600w, https:\/\/photo.davidalquier.fr\/wp-content\/uploads\/2019\/11\/Nature-Ethiopie-Simien-09-oiseaux-768x512.jpg 768w, https:\/\/photo.davidalquier.fr\/wp-content\/uploads\/2019\/11\/Nature-Ethiopie-Simien-09-oiseaux-1536x1024.jpg 1536w, https:\/\/photo.davidalquier.fr\/wp-content\/uploads\/2019\/11\/Nature-Ethiopie-Simien-09-oiseaux-525x350.jpg 525w, https:\/\/photo.davidalquier.fr\/wp-content\/uploads\/2019\/11\/Nature-Ethiopie-Simien-09-oiseaux.jpg 1920w\" sizes=\"auto, (max-width: 1200px) 100vw, 1200px\" \/><\/a><figcaption id=\"caption-attachment-1485\" class=\"wp-caption-text\">Corneille du Cap \u2013 \u00c9thiopie \u2013 Parc National du Simiens \u2013<br \/>30\/04\/2017<\/figcaption><\/figure>\n<figure id=\"attachment_1486\" aria-describedby=\"caption-attachment-1486\" style=\"width: 1200px\" class=\"wp-caption aligncenter\"><a href=\"http:\/\/photo.davidalquier.fr\/wp-content\/uploads\/2019\/11\/Nature-Ethiopie-Simien-10-oiseaux.jpg\"><img loading=\"lazy\" decoding=\"async\" src=\"http:\/\/photo.davidalquier.fr\/wp-content\/uploads\/2019\/11\/Nature-Ethiopie-Simien-10-oiseaux-1200x800.jpg\" alt=\"Gypa\u00e8te barbu\" width=\"1200\" height=\"800\" class=\"size-large wp-image-1486\" srcset=\"https:\/\/photo.davidalquier.fr\/wp-content\/uploads\/2019\/11\/Nature-Ethiopie-Simien-10-oiseaux-1200x800.jpg 1200w, https:\/\/photo.davidalquier.fr\/wp-content\/uploads\/2019\/11\/Nature-Ethiopie-Simien-10-oiseaux-600x400.jpg 600w, https:\/\/photo.davidalquier.fr\/wp-content\/uploads\/2019\/11\/Nature-Ethiopie-Simien-10-oiseaux-768x512.jpg 768w, https:\/\/photo.davidalquier.fr\/wp-content\/uploads\/2019\/11\/Nature-Ethiopie-Simien-10-oiseaux-1536x1024.jpg 1536w, https:\/\/photo.davidalquier.fr\/wp-content\/uploads\/2019\/11\/Nature-Ethiopie-Simien-10-oiseaux-525x350.jpg 525w, https:\/\/photo.davidalquier.fr\/wp-content\/uploads\/2019\/11\/Nature-Ethiopie-Simien-10-oiseaux.jpg 1920w\" sizes=\"auto, (max-width: 1200px) 100vw, 1200px\" \/><\/a><figcaption id=\"caption-attachment-1486\" class=\"wp-caption-text\">Gypa\u00e8te barbu \u2013 \u00c9thiopie \u2013 Parc National du Simiens \u2013 30\/04\/2017<\/figcaption><\/figure>\n<figure id=\"attachment_1483\" aria-describedby=\"caption-attachment-1483\" style=\"width: 1200px\" class=\"wp-caption aligncenter\"><a href=\"http:\/\/photo.davidalquier.fr\/wp-content\/uploads\/2019\/11\/Nature-Ethiopie-Simien-11-oiseaux.jpg\"><img loading=\"lazy\" decoding=\"async\" src=\"http:\/\/photo.davidalquier.fr\/wp-content\/uploads\/2019\/11\/Nature-Ethiopie-Simien-11-oiseaux-1200x800.jpg\" alt=\"Gypa\u00e8te barbu\" width=\"1200\" height=\"800\" class=\"size-large wp-image-1483\" srcset=\"https:\/\/photo.davidalquier.fr\/wp-content\/uploads\/2019\/11\/Nature-Ethiopie-Simien-11-oiseaux-1200x800.jpg 1200w, https:\/\/photo.davidalquier.fr\/wp-content\/uploads\/2019\/11\/Nature-Ethiopie-Simien-11-oiseaux-600x400.jpg 600w, https:\/\/photo.davidalquier.fr\/wp-content\/uploads\/2019\/11\/Nature-Ethiopie-Simien-11-oiseaux-768x512.jpg 768w, https:\/\/photo.davidalquier.fr\/wp-content\/uploads\/2019\/11\/Nature-Ethiopie-Simien-11-oiseaux-1536x1024.jpg 1536w, https:\/\/photo.davidalquier.fr\/wp-content\/uploads\/2019\/11\/Nature-Ethiopie-Simien-11-oiseaux-525x350.jpg 525w, https:\/\/photo.davidalquier.fr\/wp-content\/uploads\/2019\/11\/Nature-Ethiopie-Simien-11-oiseaux.jpg 1920w\" sizes=\"auto, (max-width: 1200px) 100vw, 1200px\" \/><\/a><figcaption id=\"caption-attachment-1483\" class=\"wp-caption-text\">Gypa\u00e8te barbu \u2013 \u00c9thiopie \u2013 Parc National du Simiens \u2013 30\/04\/2017<\/figcaption><\/figure>\n","protected":false},"excerpt":{"rendered":"<p>Les photos qui suivent ont \u00e9t\u00e9 prises lors d\u2019un voyage en \u00c9thiopie du 22 avril au 6 mai 2017, avec mes amis naturalistes et photographes Claude P. et G\u00e9rard B. Elles ont toutes \u00e9t\u00e9 faites depuis le 4\u00d74 de G\u00e9dion, notre guide, ou \u00e0 pied sur les pistes du Parc national du Simien et ses environs.<\/p>\n","protected":false},"author":1,"featured_media":1476,"comment_status":"closed","ping_status":"closed","sticky":false,"template":"","format":"standard","meta":{"ngg_post_thumbnail":0,"footnotes":""},"categories":[10,16],"tags":[6],"class_list":["post-1115","post","type-post","status-publish","format-standard","has-post-thumbnail","hentry","category-nature","category-oiseaux","tag-ethiopie"],"_links":{"self":[{"href":"https:\/\/photo.davidalquier.fr\/index.php?rest_route=\/wp\/v2\/posts\/1115","targetHints":{"allow":["GET"]}}],"collection":[{"href":"https:\/\/photo.davidalquier.fr\/index.php?rest_route=\/wp\/v2\/posts"}],"about":[{"href":"https:\/\/photo.davidalquier.fr\/index.php?rest_route=\/wp\/v2\/types\/post"}],"author":[{"embeddable":true,"href":"https:\/\/photo.davidalquier.fr\/index.php?rest_route=\/wp\/v2\/users\/1"}],"replies":[{"embeddable":true,"href":"https:\/\/photo.davidalquier.fr\/index.php?rest_route=%2Fwp%2Fv2%2Fcomments&post=1115"}],"version-history":[{"count":0,"href":"https:\/\/photo.davidalquier.fr\/index.php?rest_route=\/wp\/v2\/posts\/1115\/revisions"}],"wp:featuredmedia":[{"embeddable":true,"href":"https:\/\/photo.davidalquier.fr\/index.php?rest_route=\/wp\/v2\/media\/1476"}],"wp:attachment":[{"href":"https:\/\/photo.davidalquier.fr\/index.php?rest_route=%2Fwp%2Fv2%2Fmedia&parent=1115"}],"wp:term":[{"taxonomy":"category","embeddable":true,"href":"https:\/\/photo.davidalquier.fr\/index.php?rest_route=%2Fwp%2Fv2%2Fcategories&post=1115"},{"taxonomy":"post_tag","embeddable":true,"href":"https:\/\/photo.davidalquier.fr\/index.php?rest_route=%2Fwp%2Fv2%2Ftags&post=1115"}],"curies":[{"name":"wp","href":"https:\/\/api.w.org\/{rel}","templated":true}]}}