{"id":1552,"date":"2017-05-01T11:00:21","date_gmt":"2017-05-01T11:00:21","guid":{"rendered":"https:\/\/photo.davidalquier.fr\/?p=1552"},"modified":"2022-03-14T13:55:03","modified_gmt":"2022-03-14T13:55:03","slug":"carnets-de-voyage-ethiopiele-parc-national-du-simien-et-ses-environs","status":"publish","type":"post","link":"https:\/\/photo.davidalquier.fr\/?p=1552","title":{"rendered":"Carnets de voyage \u2013 \u00c9thiopie <br>LE PARC DU SIMIEN ET SES ENVIRONS"},"content":{"rendered":"<p style=\"text-align: justify;\">Les photos qui suivent ont \u00e9t\u00e9 prises lors d\u2019un voyage en \u00c9thiopie du 22 avril au 6 mai 2017, avec mes amis naturalistes et photographes Claude P. et G\u00e9rard B. Elles ont toutes \u00e9t\u00e9 faites depuis le 4\u00d74 de G\u00e9dion, notre guide, ou \u00e0 pied sur les pistes du Parc national du Simien et ses environs.<\/p>\n<p style=\"text-align: center;\"><a href=\"https:\/\/photo.davidalquier.fr\/wp-content\/uploads\/2020\/08\/Voyage-Ethiopie-Paysage-000.jpg\"><img loading=\"lazy\" decoding=\"async\" class=\"aligncenter size-large wp-image-1568\" src=\"https:\/\/photo.davidalquier.fr\/wp-content\/uploads\/2020\/08\/Voyage-Ethiopie-Paysage-000-1200x798.jpg\" alt=\"\" width=\"1200\" height=\"798\" srcset=\"https:\/\/photo.davidalquier.fr\/wp-content\/uploads\/2020\/08\/Voyage-Ethiopie-Paysage-000-1200x798.jpg 1200w, https:\/\/photo.davidalquier.fr\/wp-content\/uploads\/2020\/08\/Voyage-Ethiopie-Paysage-000-600x399.jpg 600w, https:\/\/photo.davidalquier.fr\/wp-content\/uploads\/2020\/08\/Voyage-Ethiopie-Paysage-000-768x511.jpg 768w, https:\/\/photo.davidalquier.fr\/wp-content\/uploads\/2020\/08\/Voyage-Ethiopie-Paysage-000-1536x1022.jpg 1536w, https:\/\/photo.davidalquier.fr\/wp-content\/uploads\/2020\/08\/Voyage-Ethiopie-Paysage-000-526x350.jpg 526w, https:\/\/photo.davidalquier.fr\/wp-content\/uploads\/2020\/08\/Voyage-Ethiopie-Paysage-000.jpg 1920w\" sizes=\"auto, (max-width: 1200px) 100vw, 1200px\" \/><\/a><em>Les sommets qui entourent le Simien en contre-jour &#8211; Parc du Simien &#8211; 2 mai 2017<\/em><\/p>\n<p>&nbsp;<\/p>\n<p style=\"text-align: center;\"><a href=\"https:\/\/photo.davidalquier.fr\/wp-content\/uploads\/2020\/08\/Voyage-Ethiopie-Paysage-001.jpg\"><img loading=\"lazy\" decoding=\"async\" class=\"aligncenter size-large wp-image-1570\" src=\"https:\/\/photo.davidalquier.fr\/wp-content\/uploads\/2020\/08\/Voyage-Ethiopie-Paysage-001-1200x798.jpg\" alt=\"\" width=\"1200\" height=\"798\" srcset=\"https:\/\/photo.davidalquier.fr\/wp-content\/uploads\/2020\/08\/Voyage-Ethiopie-Paysage-001-1200x798.jpg 1200w, https:\/\/photo.davidalquier.fr\/wp-content\/uploads\/2020\/08\/Voyage-Ethiopie-Paysage-001-600x399.jpg 600w, https:\/\/photo.davidalquier.fr\/wp-content\/uploads\/2020\/08\/Voyage-Ethiopie-Paysage-001-768x511.jpg 768w, https:\/\/photo.davidalquier.fr\/wp-content\/uploads\/2020\/08\/Voyage-Ethiopie-Paysage-001-1536x1022.jpg 1536w, https:\/\/photo.davidalquier.fr\/wp-content\/uploads\/2020\/08\/Voyage-Ethiopie-Paysage-001-526x350.jpg 526w, https:\/\/photo.davidalquier.fr\/wp-content\/uploads\/2020\/08\/Voyage-Ethiopie-Paysage-001.jpg 1920w\" sizes=\"auto, (max-width: 1200px) 100vw, 1200px\" \/><\/a><em>Vue depuis le plateau du&nbsp; Parc National du Simien &#8211; Parc du Simien &#8211; 1er mai 2017<\/em><\/p>\n<p>&nbsp;<\/p>\n<p style=\"text-align: center;\"><a href=\"https:\/\/photo.davidalquier.fr\/wp-content\/uploads\/2020\/08\/Voyage-Ethiopie-Paysage-002.jpg.jpg\"><img loading=\"lazy\" decoding=\"async\" class=\"aligncenter size-large wp-image-1576\" src=\"https:\/\/photo.davidalquier.fr\/wp-content\/uploads\/2020\/08\/Voyage-Ethiopie-Paysage-002.jpg-1200x798.jpg\" alt=\"\" width=\"1200\" height=\"798\" srcset=\"https:\/\/photo.davidalquier.fr\/wp-content\/uploads\/2020\/08\/Voyage-Ethiopie-Paysage-002.jpg-1200x798.jpg 1200w, https:\/\/photo.davidalquier.fr\/wp-content\/uploads\/2020\/08\/Voyage-Ethiopie-Paysage-002.jpg-600x399.jpg 600w, https:\/\/photo.davidalquier.fr\/wp-content\/uploads\/2020\/08\/Voyage-Ethiopie-Paysage-002.jpg-768x511.jpg 768w, https:\/\/photo.davidalquier.fr\/wp-content\/uploads\/2020\/08\/Voyage-Ethiopie-Paysage-002.jpg-1536x1022.jpg 1536w, https:\/\/photo.davidalquier.fr\/wp-content\/uploads\/2020\/08\/Voyage-Ethiopie-Paysage-002.jpg-526x350.jpg 526w, https:\/\/photo.davidalquier.fr\/wp-content\/uploads\/2020\/08\/Voyage-Ethiopie-Paysage-002.jpg.jpg 1920w\" sizes=\"auto, (max-width: 1200px) 100vw, 1200px\" \/><\/a><em>Un groupe de Singes G\u00e9ladas en train de manger &#8211; Parc du Simien &#8211; 2 mai 2017<\/em><\/p>\n<p>&nbsp;<\/p>\n<p style=\"text-align: center;\"><a href=\"https:\/\/photo.davidalquier.fr\/wp-content\/uploads\/2020\/08\/Voyage-Ethiopie-Paysage-003.jpg.jpg\"><img loading=\"lazy\" decoding=\"async\" class=\"aligncenter size-large wp-image-1577\" src=\"https:\/\/photo.davidalquier.fr\/wp-content\/uploads\/2020\/08\/Voyage-Ethiopie-Paysage-003.jpg-1200x798.jpg\" alt=\"\" width=\"1200\" height=\"798\" srcset=\"https:\/\/photo.davidalquier.fr\/wp-content\/uploads\/2020\/08\/Voyage-Ethiopie-Paysage-003.jpg-1200x798.jpg 1200w, https:\/\/photo.davidalquier.fr\/wp-content\/uploads\/2020\/08\/Voyage-Ethiopie-Paysage-003.jpg-600x399.jpg 600w, https:\/\/photo.davidalquier.fr\/wp-content\/uploads\/2020\/08\/Voyage-Ethiopie-Paysage-003.jpg-768x511.jpg 768w, https:\/\/photo.davidalquier.fr\/wp-content\/uploads\/2020\/08\/Voyage-Ethiopie-Paysage-003.jpg-1536x1022.jpg 1536w, https:\/\/photo.davidalquier.fr\/wp-content\/uploads\/2020\/08\/Voyage-Ethiopie-Paysage-003.jpg-526x350.jpg 526w, https:\/\/photo.davidalquier.fr\/wp-content\/uploads\/2020\/08\/Voyage-Ethiopie-Paysage-003.jpg.jpg 1920w\" sizes=\"auto, (max-width: 1200px) 100vw, 1200px\" \/><\/a><em>Un groupe de Singes G\u00e9ladas en train de manger &#8211; Parc du Simien &#8211; 2 mai 2017<\/em><\/p>\n<p>&nbsp;<\/p>\n<p style=\"text-align: center;\"><a href=\"https:\/\/photo.davidalquier.fr\/wp-content\/uploads\/2020\/08\/Voyage-Ethiopie-Paysage-004.jpg.jpg\"><img loading=\"lazy\" decoding=\"async\" class=\"aligncenter size-large wp-image-1578\" src=\"https:\/\/photo.davidalquier.fr\/wp-content\/uploads\/2020\/08\/Voyage-Ethiopie-Paysage-004.jpg-1200x798.jpg\" alt=\"\" width=\"1200\" height=\"798\" srcset=\"https:\/\/photo.davidalquier.fr\/wp-content\/uploads\/2020\/08\/Voyage-Ethiopie-Paysage-004.jpg-1200x798.jpg 1200w, https:\/\/photo.davidalquier.fr\/wp-content\/uploads\/2020\/08\/Voyage-Ethiopie-Paysage-004.jpg-600x399.jpg 600w, https:\/\/photo.davidalquier.fr\/wp-content\/uploads\/2020\/08\/Voyage-Ethiopie-Paysage-004.jpg-768x511.jpg 768w, https:\/\/photo.davidalquier.fr\/wp-content\/uploads\/2020\/08\/Voyage-Ethiopie-Paysage-004.jpg-1536x1022.jpg 1536w, https:\/\/photo.davidalquier.fr\/wp-content\/uploads\/2020\/08\/Voyage-Ethiopie-Paysage-004.jpg-526x350.jpg 526w, https:\/\/photo.davidalquier.fr\/wp-content\/uploads\/2020\/08\/Voyage-Ethiopie-Paysage-004.jpg.jpg 1920w\" sizes=\"auto, (max-width: 1200px) 100vw, 1200px\" \/><\/a><em>Un groupe de Singes G\u00e9ladas en train de manger &#8211; Parc du Simien &#8211; 2 mai 2017<\/em><\/p>\n<p>&nbsp;<\/p>\n<p style=\"text-align: center;\"><a href=\"https:\/\/photo.davidalquier.fr\/wp-content\/uploads\/2020\/08\/Voyage-Ethiopie-Simien-Chenek-000.jpg\"><img loading=\"lazy\" decoding=\"async\" class=\"aligncenter size-large wp-image-1572\" src=\"https:\/\/photo.davidalquier.fr\/wp-content\/uploads\/2020\/08\/Voyage-Ethiopie-Simien-Chenek-000-1200x800.jpg\" alt=\"\" width=\"1200\" height=\"800\" srcset=\"https:\/\/photo.davidalquier.fr\/wp-content\/uploads\/2020\/08\/Voyage-Ethiopie-Simien-Chenek-000-1200x800.jpg 1200w, https:\/\/photo.davidalquier.fr\/wp-content\/uploads\/2020\/08\/Voyage-Ethiopie-Simien-Chenek-000-600x400.jpg 600w, https:\/\/photo.davidalquier.fr\/wp-content\/uploads\/2020\/08\/Voyage-Ethiopie-Simien-Chenek-000-768x512.jpg 768w, https:\/\/photo.davidalquier.fr\/wp-content\/uploads\/2020\/08\/Voyage-Ethiopie-Simien-Chenek-000-1536x1024.jpg 1536w, https:\/\/photo.davidalquier.fr\/wp-content\/uploads\/2020\/08\/Voyage-Ethiopie-Simien-Chenek-000-525x350.jpg 525w, https:\/\/photo.davidalquier.fr\/wp-content\/uploads\/2020\/08\/Voyage-Ethiopie-Simien-Chenek-000.jpg 1920w\" sizes=\"auto, (max-width: 1200px) 100vw, 1200px\" \/><\/a><em>Le panneau d&rsquo;entr\u00e9e dans le parc avec quelques informations&#8230; Mais ne cherchez pas les douches !&nbsp; &#8211; Parc du Simien &#8211; 1er mai 2017<br \/>\n<\/em><\/p>\n<p>&nbsp;<\/p>\n<p style=\"text-align: center;\"><a href=\"https:\/\/photo.davidalquier.fr\/wp-content\/uploads\/2020\/08\/Voyage-Ethiopie-Simien-Chenek-001.jpg\"><img loading=\"lazy\" decoding=\"async\" class=\"aligncenter size-large wp-image-1582\" src=\"https:\/\/photo.davidalquier.fr\/wp-content\/uploads\/2020\/08\/Voyage-Ethiopie-Simien-Chenek-001-1200x675.jpg\" alt=\"\" width=\"1200\" height=\"675\" srcset=\"https:\/\/photo.davidalquier.fr\/wp-content\/uploads\/2020\/08\/Voyage-Ethiopie-Simien-Chenek-001-1200x675.jpg 1200w, https:\/\/photo.davidalquier.fr\/wp-content\/uploads\/2020\/08\/Voyage-Ethiopie-Simien-Chenek-001-600x338.jpg 600w, https:\/\/photo.davidalquier.fr\/wp-content\/uploads\/2020\/08\/Voyage-Ethiopie-Simien-Chenek-001-768x432.jpg 768w, https:\/\/photo.davidalquier.fr\/wp-content\/uploads\/2020\/08\/Voyage-Ethiopie-Simien-Chenek-001-1536x864.jpg 1536w, https:\/\/photo.davidalquier.fr\/wp-content\/uploads\/2020\/08\/Voyage-Ethiopie-Simien-Chenek-001-622x350.jpg 622w, https:\/\/photo.davidalquier.fr\/wp-content\/uploads\/2020\/08\/Voyage-Ethiopie-Simien-Chenek-001.jpg 1920w\" sizes=\"auto, (max-width: 1200px) 100vw, 1200px\" \/><\/a><em>Les cabanes du Parc National du Simien&nbsp; &#8211; Parc du Simien &#8211; 1er mai 2017<br \/>\n<\/em><\/p>\n<p>&nbsp;<\/p>\n<p style=\"text-align: center;\"><a href=\"https:\/\/photo.davidalquier.fr\/wp-content\/uploads\/2020\/08\/Voyage-Ethiopie-Simien-Chenek-002.jpg\"><img loading=\"lazy\" decoding=\"async\" class=\"aligncenter size-large wp-image-1583\" src=\"https:\/\/photo.davidalquier.fr\/wp-content\/uploads\/2020\/08\/Voyage-Ethiopie-Simien-Chenek-002-1200x800.jpg\" alt=\"\" width=\"1200\" height=\"800\" srcset=\"https:\/\/photo.davidalquier.fr\/wp-content\/uploads\/2020\/08\/Voyage-Ethiopie-Simien-Chenek-002-1200x800.jpg 1200w, https:\/\/photo.davidalquier.fr\/wp-content\/uploads\/2020\/08\/Voyage-Ethiopie-Simien-Chenek-002-600x400.jpg 600w, https:\/\/photo.davidalquier.fr\/wp-content\/uploads\/2020\/08\/Voyage-Ethiopie-Simien-Chenek-002-768x512.jpg 768w, https:\/\/photo.davidalquier.fr\/wp-content\/uploads\/2020\/08\/Voyage-Ethiopie-Simien-Chenek-002-1536x1024.jpg 1536w, https:\/\/photo.davidalquier.fr\/wp-content\/uploads\/2020\/08\/Voyage-Ethiopie-Simien-Chenek-002-525x350.jpg 525w, https:\/\/photo.davidalquier.fr\/wp-content\/uploads\/2020\/08\/Voyage-Ethiopie-Simien-Chenek-002.jpg 1920w\" sizes=\"auto, (max-width: 1200px) 100vw, 1200px\" \/><\/a><em>Les cabanes du Parc National du Simien&nbsp; &#8211; Parc du Simien &#8211; 1er mai 2017<br \/>\n<\/em><\/p>\n","protected":false},"excerpt":{"rendered":"<p>Les photos qui suivent ont \u00e9t\u00e9 prises lors d\u2019un voyage en \u00c9thiopie du 22 avril au 6 mai 2017, avec mes amis naturalistes et photographes Claude P. et G\u00e9rard B. Elles ont toutes \u00e9t\u00e9 faites depuis le 4\u00d74 de G\u00e9dion, notre guide, ou \u00e0 pied sur les pistes du Parc national du Simien et ses environs. Les sommets qui entourent &hellip;<\/p>\n","protected":false},"author":1,"featured_media":1570,"comment_status":"closed","ping_status":"closed","sticky":false,"template":"","format":"standard","meta":{"ngg_post_thumbnail":0,"footnotes":""},"categories":[9,5],"tags":[6],"class_list":["post-1552","post","type-post","status-publish","format-standard","has-post-thumbnail","hentry","category-afrique","category-voyage","tag-ethiopie"],"_links":{"self":[{"href":"https:\/\/photo.davidalquier.fr\/index.php?rest_route=\/wp\/v2\/posts\/1552","targetHints":{"allow":["GET"]}}],"collection":[{"href":"https:\/\/photo.davidalquier.fr\/index.php?rest_route=\/wp\/v2\/posts"}],"about":[{"href":"https:\/\/photo.davidalquier.fr\/index.php?rest_route=\/wp\/v2\/types\/post"}],"author":[{"embeddable":true,"href":"https:\/\/photo.davidalquier.fr\/index.php?rest_route=\/wp\/v2\/users\/1"}],"replies":[{"embeddable":true,"href":"https:\/\/photo.davidalquier.fr\/index.php?rest_route=%2Fwp%2Fv2%2Fcomments&post=1552"}],"version-history":[{"count":0,"href":"https:\/\/photo.davidalquier.fr\/index.php?rest_route=\/wp\/v2\/posts\/1552\/revisions"}],"wp:featuredmedia":[{"embeddable":true,"href":"https:\/\/photo.davidalquier.fr\/index.php?rest_route=\/wp\/v2\/media\/1570"}],"wp:attachment":[{"href":"https:\/\/photo.davidalquier.fr\/index.php?rest_route=%2Fwp%2Fv2%2Fmedia&parent=1552"}],"wp:term":[{"taxonomy":"category","embeddable":true,"href":"https:\/\/photo.davidalquier.fr\/index.php?rest_route=%2Fwp%2Fv2%2Fcategories&post=1552"},{"taxonomy":"post_tag","embeddable":true,"href":"https:\/\/photo.davidalquier.fr\/index.php?rest_route=%2Fwp%2Fv2%2Ftags&post=1552"}],"curies":[{"name":"wp","href":"https:\/\/api.w.org\/{rel}","templated":true}]}}