{"id":1618,"date":"2022-03-11T22:09:02","date_gmt":"2022-03-11T22:09:02","guid":{"rendered":"https:\/\/photo.davidalquier.fr\/?p=1618"},"modified":"2022-03-27T19:24:09","modified_gmt":"2022-03-27T19:24:09","slug":"carnets-nature-amphibiensla-salamandre-tachetee","status":"publish","type":"post","link":"https:\/\/photo.davidalquier.fr\/?p=1618","title":{"rendered":"Carnets Nature \u2013 Amphibiens <BR>LA SALAMANDRE TACHET\u00c9E"},"content":{"rendered":"<p style=\"text-align: justify;\">Les photos qui suivent ont \u00e9t\u00e9 prises pour la plupart sous la pluie avec mes amis S\u00e9bastien et Marien en for\u00eat de Gr\u00e9signe lors de sorties nocturnes m\u00e9morables \u00e0 tout points de vues !<\/p>\n<p style=\"text-align: justify;\">A commencer par la logistique&#8230; Ces sorties qui n\u00e9cessitent non seulement tout le bordel n\u00e9cessaire \u00e0 faire des photos, mais aussi de quoi manger, s&rsquo;\u00e9clairer, et se prot\u00e9ger de la pluie sont de v\u00e9ritables exp\u00e9ditions \u00e0 elles seules.<\/p>\n<p>Texte \u00e0 terminer&#8230;<\/p>\n<figure id=\"attachment_1621\" aria-describedby=\"caption-attachment-1621\" style=\"width: 1920px\" class=\"wp-caption alignnone\"><a href=\"https:\/\/photo.davidalquier.fr\/wp-content\/uploads\/2022\/03\/Nature-Salamandretachetee-01.jpg\"><img loading=\"lazy\" decoding=\"async\" class=\"wp-image-1621 size-full\" src=\"https:\/\/photo.davidalquier.fr\/wp-content\/uploads\/2022\/03\/Nature-Salamandretachetee-01.jpg\" alt=\"Salamandre tachet\u00e9e\" width=\"1920\" height=\"1080\" srcset=\"https:\/\/photo.davidalquier.fr\/wp-content\/uploads\/2022\/03\/Nature-Salamandretachetee-01.jpg 1920w, https:\/\/photo.davidalquier.fr\/wp-content\/uploads\/2022\/03\/Nature-Salamandretachetee-01-600x338.jpg 600w, https:\/\/photo.davidalquier.fr\/wp-content\/uploads\/2022\/03\/Nature-Salamandretachetee-01-1200x675.jpg 1200w, https:\/\/photo.davidalquier.fr\/wp-content\/uploads\/2022\/03\/Nature-Salamandretachetee-01-768x432.jpg 768w, https:\/\/photo.davidalquier.fr\/wp-content\/uploads\/2022\/03\/Nature-Salamandretachetee-01-1536x864.jpg 1536w, https:\/\/photo.davidalquier.fr\/wp-content\/uploads\/2022\/03\/Nature-Salamandretachetee-01-622x350.jpg 622w\" sizes=\"auto, (max-width: 1920px) 100vw, 1920px\" \/><\/a><figcaption id=\"caption-attachment-1621\" class=\"wp-caption-text\">Salamandre tachet\u00e9e avec un pattern sp\u00e9cial, qui a probablement pris la coloration ocre-orange du sol de la for\u00eat de Gr\u00e9signe<\/figcaption><\/figure>\n<figure id=\"attachment_1622\" aria-describedby=\"caption-attachment-1622\" style=\"width: 1920px\" class=\"wp-caption alignnone\"><a href=\"https:\/\/photo.davidalquier.fr\/wp-content\/uploads\/2022\/03\/Nature-Salamandretachetee-02.jpg\"><img loading=\"lazy\" decoding=\"async\" class=\"wp-image-1622 size-full\" src=\"https:\/\/photo.davidalquier.fr\/wp-content\/uploads\/2022\/03\/Nature-Salamandretachetee-02.jpg\" alt=\"Salamandre tachet\u00e9e\" width=\"1920\" height=\"1080\" srcset=\"https:\/\/photo.davidalquier.fr\/wp-content\/uploads\/2022\/03\/Nature-Salamandretachetee-02.jpg 1920w, https:\/\/photo.davidalquier.fr\/wp-content\/uploads\/2022\/03\/Nature-Salamandretachetee-02-600x338.jpg 600w, https:\/\/photo.davidalquier.fr\/wp-content\/uploads\/2022\/03\/Nature-Salamandretachetee-02-1200x675.jpg 1200w, https:\/\/photo.davidalquier.fr\/wp-content\/uploads\/2022\/03\/Nature-Salamandretachetee-02-768x432.jpg 768w, https:\/\/photo.davidalquier.fr\/wp-content\/uploads\/2022\/03\/Nature-Salamandretachetee-02-1536x864.jpg 1536w, https:\/\/photo.davidalquier.fr\/wp-content\/uploads\/2022\/03\/Nature-Salamandretachetee-02-622x350.jpg 622w\" sizes=\"auto, (max-width: 1920px) 100vw, 1920px\" \/><\/a><figcaption id=\"caption-attachment-1622\" class=\"wp-caption-text\">Salamandre tachet\u00e9e avec un pattern sp\u00e9cial, qui a probablement pris la coloration ocre-orange du sol de la for\u00eat de Gr\u00e9signe<\/figcaption><\/figure>\n<figure id=\"attachment_1623\" aria-describedby=\"caption-attachment-1623\" style=\"width: 1920px\" class=\"wp-caption alignnone\"><a href=\"https:\/\/photo.davidalquier.fr\/wp-content\/uploads\/2022\/03\/Nature-Salamandretachetee-03.jpg\"><img loading=\"lazy\" decoding=\"async\" class=\"wp-image-1623 size-full\" src=\"https:\/\/photo.davidalquier.fr\/wp-content\/uploads\/2022\/03\/Nature-Salamandretachetee-03.jpg\" alt=\"Salamandre tachet\u00e9e\" width=\"1920\" height=\"1080\" srcset=\"https:\/\/photo.davidalquier.fr\/wp-content\/uploads\/2022\/03\/Nature-Salamandretachetee-03.jpg 1920w, https:\/\/photo.davidalquier.fr\/wp-content\/uploads\/2022\/03\/Nature-Salamandretachetee-03-600x338.jpg 600w, https:\/\/photo.davidalquier.fr\/wp-content\/uploads\/2022\/03\/Nature-Salamandretachetee-03-1200x675.jpg 1200w, https:\/\/photo.davidalquier.fr\/wp-content\/uploads\/2022\/03\/Nature-Salamandretachetee-03-768x432.jpg 768w, https:\/\/photo.davidalquier.fr\/wp-content\/uploads\/2022\/03\/Nature-Salamandretachetee-03-1536x864.jpg 1536w, https:\/\/photo.davidalquier.fr\/wp-content\/uploads\/2022\/03\/Nature-Salamandretachetee-03-622x350.jpg 622w\" sizes=\"auto, (max-width: 1920px) 100vw, 1920px\" \/><\/a><figcaption id=\"caption-attachment-1623\" class=\"wp-caption-text\">Salamandre tachet\u00e9e avec un pattern sp\u00e9cial, qui a probablement pris la coloration ocre-orange du sol de la for\u00eat de Gr\u00e9signe<\/figcaption><\/figure>\n<figure id=\"attachment_1624\" aria-describedby=\"caption-attachment-1624\" style=\"width: 1920px\" class=\"wp-caption alignnone\"><a href=\"https:\/\/photo.davidalquier.fr\/wp-content\/uploads\/2022\/03\/Nature-Salamandretachetee-04.jpg\"><img loading=\"lazy\" decoding=\"async\" class=\"wp-image-1624 size-full\" src=\"https:\/\/photo.davidalquier.fr\/wp-content\/uploads\/2022\/03\/Nature-Salamandretachetee-04.jpg\" alt=\"Salamandre tachet\u00e9e\" width=\"1920\" height=\"1080\" srcset=\"https:\/\/photo.davidalquier.fr\/wp-content\/uploads\/2022\/03\/Nature-Salamandretachetee-04.jpg 1920w, https:\/\/photo.davidalquier.fr\/wp-content\/uploads\/2022\/03\/Nature-Salamandretachetee-04-600x338.jpg 600w, https:\/\/photo.davidalquier.fr\/wp-content\/uploads\/2022\/03\/Nature-Salamandretachetee-04-1200x675.jpg 1200w, https:\/\/photo.davidalquier.fr\/wp-content\/uploads\/2022\/03\/Nature-Salamandretachetee-04-768x432.jpg 768w, https:\/\/photo.davidalquier.fr\/wp-content\/uploads\/2022\/03\/Nature-Salamandretachetee-04-1536x864.jpg 1536w, https:\/\/photo.davidalquier.fr\/wp-content\/uploads\/2022\/03\/Nature-Salamandretachetee-04-622x350.jpg 622w\" sizes=\"auto, (max-width: 1920px) 100vw, 1920px\" \/><\/a><figcaption id=\"caption-attachment-1624\" class=\"wp-caption-text\">Salamandre tachet\u00e9e au bord d&rsquo;un chemin, h\u00e9las une cible privil\u00e9gi\u00e9e pour les voitures<\/figcaption><\/figure>\n<figure id=\"attachment_1625\" aria-describedby=\"caption-attachment-1625\" style=\"width: 1920px\" class=\"wp-caption alignnone\"><a href=\"https:\/\/photo.davidalquier.fr\/wp-content\/uploads\/2022\/03\/Nature-Salamandretachetee-05.jpg\"><img loading=\"lazy\" decoding=\"async\" class=\"wp-image-1625 size-full\" src=\"https:\/\/photo.davidalquier.fr\/wp-content\/uploads\/2022\/03\/Nature-Salamandretachetee-05.jpg\" alt=\"Salamandre tachet\u00e9e\" width=\"1920\" height=\"1080\" srcset=\"https:\/\/photo.davidalquier.fr\/wp-content\/uploads\/2022\/03\/Nature-Salamandretachetee-05.jpg 1920w, https:\/\/photo.davidalquier.fr\/wp-content\/uploads\/2022\/03\/Nature-Salamandretachetee-05-600x338.jpg 600w, https:\/\/photo.davidalquier.fr\/wp-content\/uploads\/2022\/03\/Nature-Salamandretachetee-05-1200x675.jpg 1200w, https:\/\/photo.davidalquier.fr\/wp-content\/uploads\/2022\/03\/Nature-Salamandretachetee-05-768x432.jpg 768w, https:\/\/photo.davidalquier.fr\/wp-content\/uploads\/2022\/03\/Nature-Salamandretachetee-05-1536x864.jpg 1536w, https:\/\/photo.davidalquier.fr\/wp-content\/uploads\/2022\/03\/Nature-Salamandretachetee-05-622x350.jpg 622w\" sizes=\"auto, (max-width: 1920px) 100vw, 1920px\" \/><\/a><figcaption id=\"caption-attachment-1625\" class=\"wp-caption-text\">Salamandre tachet\u00e9e dans le sous-bois de la for\u00eat de Gr\u00e9signe<\/figcaption><\/figure>\n<figure id=\"attachment_1626\" aria-describedby=\"caption-attachment-1626\" style=\"width: 1920px\" class=\"wp-caption alignnone\"><a href=\"https:\/\/photo.davidalquier.fr\/wp-content\/uploads\/2022\/03\/Nature-Salamandretachetee-06.jpg\"><img loading=\"lazy\" decoding=\"async\" class=\"wp-image-1626 size-full\" src=\"https:\/\/photo.davidalquier.fr\/wp-content\/uploads\/2022\/03\/Nature-Salamandretachetee-06.jpg\" alt=\"Salamandre tachet\u00e9e\" width=\"1920\" height=\"1080\" srcset=\"https:\/\/photo.davidalquier.fr\/wp-content\/uploads\/2022\/03\/Nature-Salamandretachetee-06.jpg 1920w, https:\/\/photo.davidalquier.fr\/wp-content\/uploads\/2022\/03\/Nature-Salamandretachetee-06-600x338.jpg 600w, https:\/\/photo.davidalquier.fr\/wp-content\/uploads\/2022\/03\/Nature-Salamandretachetee-06-1200x675.jpg 1200w, https:\/\/photo.davidalquier.fr\/wp-content\/uploads\/2022\/03\/Nature-Salamandretachetee-06-768x432.jpg 768w, https:\/\/photo.davidalquier.fr\/wp-content\/uploads\/2022\/03\/Nature-Salamandretachetee-06-1536x864.jpg 1536w, https:\/\/photo.davidalquier.fr\/wp-content\/uploads\/2022\/03\/Nature-Salamandretachetee-06-622x350.jpg 622w\" sizes=\"auto, (max-width: 1920px) 100vw, 1920px\" \/><\/a><figcaption id=\"caption-attachment-1626\" class=\"wp-caption-text\">Salamandre tachet\u00e9e en train de mettre bas dans une grosse flaque d&rsquo;eau en Gr\u00e9signe<\/figcaption><\/figure>\n","protected":false},"excerpt":{"rendered":"<p>Les photos qui suivent ont \u00e9t\u00e9 prises pour la plupart sous la pluie avec mes amis S\u00e9bastien et Marien en for\u00eat de Gr\u00e9signe lors de sorties nocturnes m\u00e9morables \u00e0 tout points de vues ! A commencer par la logistique&#8230; Ces sorties qui n\u00e9cessitent non seulement tout le bordel n\u00e9cessaire \u00e0 faire des photos, mais aussi de quoi manger, s&rsquo;\u00e9clairer, et &hellip;<\/p>\n","protected":false},"author":1,"featured_media":1622,"comment_status":"closed","ping_status":"closed","sticky":false,"template":"","format":"standard","meta":{"ngg_post_thumbnail":0,"footnotes":""},"categories":[19,10],"tags":[],"class_list":["post-1618","post","type-post","status-publish","format-standard","has-post-thumbnail","hentry","category-amphibiens","category-nature"],"_links":{"self":[{"href":"https:\/\/photo.davidalquier.fr\/index.php?rest_route=\/wp\/v2\/posts\/1618","targetHints":{"allow":["GET"]}}],"collection":[{"href":"https:\/\/photo.davidalquier.fr\/index.php?rest_route=\/wp\/v2\/posts"}],"about":[{"href":"https:\/\/photo.davidalquier.fr\/index.php?rest_route=\/wp\/v2\/types\/post"}],"author":[{"embeddable":true,"href":"https:\/\/photo.davidalquier.fr\/index.php?rest_route=\/wp\/v2\/users\/1"}],"replies":[{"embeddable":true,"href":"https:\/\/photo.davidalquier.fr\/index.php?rest_route=%2Fwp%2Fv2%2Fcomments&post=1618"}],"version-history":[{"count":0,"href":"https:\/\/photo.davidalquier.fr\/index.php?rest_route=\/wp\/v2\/posts\/1618\/revisions"}],"wp:featuredmedia":[{"embeddable":true,"href":"https:\/\/photo.davidalquier.fr\/index.php?rest_route=\/wp\/v2\/media\/1622"}],"wp:attachment":[{"href":"https:\/\/photo.davidalquier.fr\/index.php?rest_route=%2Fwp%2Fv2%2Fmedia&parent=1618"}],"wp:term":[{"taxonomy":"category","embeddable":true,"href":"https:\/\/photo.davidalquier.fr\/index.php?rest_route=%2Fwp%2Fv2%2Fcategories&post=1618"},{"taxonomy":"post_tag","embeddable":true,"href":"https:\/\/photo.davidalquier.fr\/index.php?rest_route=%2Fwp%2Fv2%2Ftags&post=1618"}],"curies":[{"name":"wp","href":"https:\/\/api.w.org\/{rel}","templated":true}]}}