{"id":1653,"date":"2022-03-13T21:29:53","date_gmt":"2022-03-13T21:29:53","guid":{"rendered":"https:\/\/photo.davidalquier.fr\/?p=1653"},"modified":"2022-03-27T19:22:37","modified_gmt":"2022-03-27T19:22:37","slug":"carnets-nature-insectesune-araignee-au-plafond","status":"publish","type":"post","link":"https:\/\/photo.davidalquier.fr\/?p=1653","title":{"rendered":"Carnets Nature \u2013 Insectes <BR>UNE ARAIGN\u00c9E AU PLAFOND"},"content":{"rendered":"<p style=\"text-align: justify;\">\u00ab\u00a0Avoir une araign\u00e9e au plafond\u00a0\u00bb est une expression qui sied \u00e0 merveille au naturaliste-photographe ! En effet, pour aller au fond de cette passion, il faut vraiment \u00eatre un peu fou, et notre entourage ne manque jamais de nous le faire remarquer !<\/p>\n<p style=\"text-align: justify;\">Certaines personnes ne regarderons pas plus ces pages que d&rsquo;autres les pages avec des serpents&#8230; L&rsquo;arachnophobie et un clic de souris leur feront passer le chemin. Pourtant les petites b\u00eates dont les photos suivent sont trop mignonnes et trop attachantes. Il s&rsquo;agit ici de clich\u00e9s de minuscules araign\u00e9es sauteuses de la famille des Salticidae, ou Saltiques. Elles ne sont pas trop craintives et se laissent volontiers photographier. J&rsquo;ai ajout\u00e9 deux images d&rsquo;une autre araign\u00e9e, surnomm\u00e9e l&rsquo;araign\u00e9e coccinelle, Eresus Kollari, une araign\u00e9e crois\u00e9e sur les causses en bordure de la for\u00eat de Gr\u00e9signe.<\/p>\n<figure id=\"attachment_1647\" aria-describedby=\"caption-attachment-1647\" style=\"width: 1920px\" class=\"wp-caption alignnone\"><a href=\"https:\/\/photo.davidalquier.fr\/wp-content\/uploads\/2022\/03\/Nature-Araignee-Philaeus-chrysops-01.jpg\"><img loading=\"lazy\" decoding=\"async\" class=\"wp-image-1647 size-full\" src=\"https:\/\/photo.davidalquier.fr\/wp-content\/uploads\/2022\/03\/Nature-Araignee-Philaeus-chrysops-01.jpg\" alt=\"Philaeus chrysops\" width=\"1920\" height=\"1280\" srcset=\"https:\/\/photo.davidalquier.fr\/wp-content\/uploads\/2022\/03\/Nature-Araignee-Philaeus-chrysops-01.jpg 1920w, https:\/\/photo.davidalquier.fr\/wp-content\/uploads\/2022\/03\/Nature-Araignee-Philaeus-chrysops-01-600x400.jpg 600w, https:\/\/photo.davidalquier.fr\/wp-content\/uploads\/2022\/03\/Nature-Araignee-Philaeus-chrysops-01-1200x800.jpg 1200w, https:\/\/photo.davidalquier.fr\/wp-content\/uploads\/2022\/03\/Nature-Araignee-Philaeus-chrysops-01-768x512.jpg 768w, https:\/\/photo.davidalquier.fr\/wp-content\/uploads\/2022\/03\/Nature-Araignee-Philaeus-chrysops-01-1536x1024.jpg 1536w, https:\/\/photo.davidalquier.fr\/wp-content\/uploads\/2022\/03\/Nature-Araignee-Philaeus-chrysops-01-525x350.jpg 525w\" sizes=\"auto, (max-width: 1920px) 100vw, 1920px\" \/><\/a><figcaption id=\"caption-attachment-1647\" class=\"wp-caption-text\">M\u00e2le de Philaeus chrysops vu de face &#8211; Saint-Martin (Tarn) &#8211; 10 mai 2016<\/figcaption><\/figure>\n<figure id=\"attachment_1648\" aria-describedby=\"caption-attachment-1648\" style=\"width: 1920px\" class=\"wp-caption alignnone\"><a href=\"https:\/\/photo.davidalquier.fr\/wp-content\/uploads\/2022\/03\/Nature-Araignee-Philaeus-chrysops-02.jpg\"><img loading=\"lazy\" decoding=\"async\" class=\"wp-image-1648 size-full\" src=\"https:\/\/photo.davidalquier.fr\/wp-content\/uploads\/2022\/03\/Nature-Araignee-Philaeus-chrysops-02.jpg\" alt=\"Philaeus chrysops\" width=\"1920\" height=\"1080\" srcset=\"https:\/\/photo.davidalquier.fr\/wp-content\/uploads\/2022\/03\/Nature-Araignee-Philaeus-chrysops-02.jpg 1920w, https:\/\/photo.davidalquier.fr\/wp-content\/uploads\/2022\/03\/Nature-Araignee-Philaeus-chrysops-02-600x338.jpg 600w, https:\/\/photo.davidalquier.fr\/wp-content\/uploads\/2022\/03\/Nature-Araignee-Philaeus-chrysops-02-1200x675.jpg 1200w, https:\/\/photo.davidalquier.fr\/wp-content\/uploads\/2022\/03\/Nature-Araignee-Philaeus-chrysops-02-768x432.jpg 768w, https:\/\/photo.davidalquier.fr\/wp-content\/uploads\/2022\/03\/Nature-Araignee-Philaeus-chrysops-02-1536x864.jpg 1536w, https:\/\/photo.davidalquier.fr\/wp-content\/uploads\/2022\/03\/Nature-Araignee-Philaeus-chrysops-02-622x350.jpg 622w\" sizes=\"auto, (max-width: 1920px) 100vw, 1920px\" \/><\/a><figcaption id=\"caption-attachment-1648\" class=\"wp-caption-text\">M\u00e2le de Philaeus chrysops vu de c\u00f4t\u00e9 &#8211; Saint-Martin (Tarn) &#8211; 10 mai 2016<\/figcaption><\/figure>\n<figure id=\"attachment_1649\" aria-describedby=\"caption-attachment-1649\" style=\"width: 1920px\" class=\"wp-caption alignnone\"><a href=\"https:\/\/photo.davidalquier.fr\/wp-content\/uploads\/2022\/03\/Nature-Araignee-Philaeus-chrysops-03.jpg\"><img loading=\"lazy\" decoding=\"async\" class=\"wp-image-1649 size-full\" src=\"https:\/\/photo.davidalquier.fr\/wp-content\/uploads\/2022\/03\/Nature-Araignee-Philaeus-chrysops-03.jpg\" alt=\"Philaeus chrysops\" width=\"1920\" height=\"1920\" srcset=\"https:\/\/photo.davidalquier.fr\/wp-content\/uploads\/2022\/03\/Nature-Araignee-Philaeus-chrysops-03.jpg 1920w, https:\/\/photo.davidalquier.fr\/wp-content\/uploads\/2022\/03\/Nature-Araignee-Philaeus-chrysops-03-600x600.jpg 600w, https:\/\/photo.davidalquier.fr\/wp-content\/uploads\/2022\/03\/Nature-Araignee-Philaeus-chrysops-03-800x800.jpg 800w, https:\/\/photo.davidalquier.fr\/wp-content\/uploads\/2022\/03\/Nature-Araignee-Philaeus-chrysops-03-150x150.jpg 150w, https:\/\/photo.davidalquier.fr\/wp-content\/uploads\/2022\/03\/Nature-Araignee-Philaeus-chrysops-03-768x768.jpg 768w, https:\/\/photo.davidalquier.fr\/wp-content\/uploads\/2022\/03\/Nature-Araignee-Philaeus-chrysops-03-1536x1536.jpg 1536w, https:\/\/photo.davidalquier.fr\/wp-content\/uploads\/2022\/03\/Nature-Araignee-Philaeus-chrysops-03-350x350.jpg 350w\" sizes=\"auto, (max-width: 1920px) 100vw, 1920px\" \/><\/a><figcaption id=\"caption-attachment-1649\" class=\"wp-caption-text\">M\u00e2le de Philaeus chrysops vu de dessus &#8211; Saint-Martin (Tarn) &#8211; 10 mai 2016<\/figcaption><\/figure>\n<figure id=\"attachment_1642\" aria-describedby=\"caption-attachment-1642\" style=\"width: 1920px\" class=\"wp-caption alignnone\"><a href=\"https:\/\/photo.davidalquier.fr\/wp-content\/uploads\/2022\/03\/Nature-Araignee-Eresus-kollari-01.jpg\"><img loading=\"lazy\" decoding=\"async\" class=\"wp-image-1642 size-full\" src=\"https:\/\/photo.davidalquier.fr\/wp-content\/uploads\/2022\/03\/Nature-Araignee-Eresus-kollari-01.jpg\" alt=\"Eresus kollari\" width=\"1920\" height=\"1280\" srcset=\"https:\/\/photo.davidalquier.fr\/wp-content\/uploads\/2022\/03\/Nature-Araignee-Eresus-kollari-01.jpg 1920w, https:\/\/photo.davidalquier.fr\/wp-content\/uploads\/2022\/03\/Nature-Araignee-Eresus-kollari-01-600x400.jpg 600w, https:\/\/photo.davidalquier.fr\/wp-content\/uploads\/2022\/03\/Nature-Araignee-Eresus-kollari-01-1200x800.jpg 1200w, https:\/\/photo.davidalquier.fr\/wp-content\/uploads\/2022\/03\/Nature-Araignee-Eresus-kollari-01-768x512.jpg 768w, https:\/\/photo.davidalquier.fr\/wp-content\/uploads\/2022\/03\/Nature-Araignee-Eresus-kollari-01-1536x1024.jpg 1536w, https:\/\/photo.davidalquier.fr\/wp-content\/uploads\/2022\/03\/Nature-Araignee-Eresus-kollari-01-525x350.jpg 525w\" sizes=\"auto, (max-width: 1920px) 100vw, 1920px\" \/><\/a><figcaption id=\"caption-attachment-1642\" class=\"wp-caption-text\">M\u00e2le d&rsquo;Eresus Kollari &#8211; Monument d&rsquo;Ornano (Tarn) &#8211; 13 avril 2014<\/figcaption><\/figure>\n<figure id=\"attachment_1643\" aria-describedby=\"caption-attachment-1643\" style=\"width: 1920px\" class=\"wp-caption alignnone\"><a href=\"https:\/\/photo.davidalquier.fr\/wp-content\/uploads\/2022\/03\/Nature-Araignee-Eresus-kollari-02.jpg\"><img loading=\"lazy\" decoding=\"async\" class=\"wp-image-1643 size-full\" src=\"https:\/\/photo.davidalquier.fr\/wp-content\/uploads\/2022\/03\/Nature-Araignee-Eresus-kollari-02.jpg\" alt=\"Eresus kollari\" width=\"1920\" height=\"1272\" srcset=\"https:\/\/photo.davidalquier.fr\/wp-content\/uploads\/2022\/03\/Nature-Araignee-Eresus-kollari-02.jpg 1920w, https:\/\/photo.davidalquier.fr\/wp-content\/uploads\/2022\/03\/Nature-Araignee-Eresus-kollari-02-600x398.jpg 600w, https:\/\/photo.davidalquier.fr\/wp-content\/uploads\/2022\/03\/Nature-Araignee-Eresus-kollari-02-1200x795.jpg 1200w, https:\/\/photo.davidalquier.fr\/wp-content\/uploads\/2022\/03\/Nature-Araignee-Eresus-kollari-02-768x509.jpg 768w, https:\/\/photo.davidalquier.fr\/wp-content\/uploads\/2022\/03\/Nature-Araignee-Eresus-kollari-02-1536x1018.jpg 1536w, https:\/\/photo.davidalquier.fr\/wp-content\/uploads\/2022\/03\/Nature-Araignee-Eresus-kollari-02-528x350.jpg 528w\" sizes=\"auto, (max-width: 1920px) 100vw, 1920px\" \/><\/a><figcaption id=\"caption-attachment-1643\" class=\"wp-caption-text\">M\u00e2le d&rsquo;Eresus Kollari &#8211; Monument d&rsquo;Ornano (Tarn) &#8211; 13 avril 2014<\/figcaption><\/figure>\n<figure id=\"attachment_1650\" aria-describedby=\"caption-attachment-1650\" style=\"width: 1920px\" class=\"wp-caption alignnone\"><a href=\"https:\/\/photo.davidalquier.fr\/wp-content\/uploads\/2022\/03\/Nature-Araignee-Salticide-01.jpg\"><img loading=\"lazy\" decoding=\"async\" class=\"wp-image-1650 size-full\" src=\"https:\/\/photo.davidalquier.fr\/wp-content\/uploads\/2022\/03\/Nature-Araignee-Salticide-01.jpg\" alt=\"Salticidae\" width=\"1920\" height=\"1280\" srcset=\"https:\/\/photo.davidalquier.fr\/wp-content\/uploads\/2022\/03\/Nature-Araignee-Salticide-01.jpg 1920w, https:\/\/photo.davidalquier.fr\/wp-content\/uploads\/2022\/03\/Nature-Araignee-Salticide-01-600x400.jpg 600w, https:\/\/photo.davidalquier.fr\/wp-content\/uploads\/2022\/03\/Nature-Araignee-Salticide-01-1200x800.jpg 1200w, https:\/\/photo.davidalquier.fr\/wp-content\/uploads\/2022\/03\/Nature-Araignee-Salticide-01-768x512.jpg 768w, https:\/\/photo.davidalquier.fr\/wp-content\/uploads\/2022\/03\/Nature-Araignee-Salticide-01-1536x1024.jpg 1536w, https:\/\/photo.davidalquier.fr\/wp-content\/uploads\/2022\/03\/Nature-Araignee-Salticide-01-525x350.jpg 525w\" sizes=\"auto, (max-width: 1920px) 100vw, 1920px\" \/><\/a><figcaption id=\"caption-attachment-1650\" class=\"wp-caption-text\">Individu de la famille des Salticidae &#8211; Larroque (Tarn) &#8211; 16 mars 2012<\/figcaption><\/figure>\n<figure id=\"attachment_1651\" aria-describedby=\"caption-attachment-1651\" style=\"width: 1920px\" class=\"wp-caption alignnone\"><a href=\"https:\/\/photo.davidalquier.fr\/wp-content\/uploads\/2022\/03\/Nature-Araignee-Salticide-02.jpg\"><img loading=\"lazy\" decoding=\"async\" class=\"wp-image-1651 size-full\" src=\"https:\/\/photo.davidalquier.fr\/wp-content\/uploads\/2022\/03\/Nature-Araignee-Salticide-02.jpg\" alt=\"salticidae\" width=\"1920\" height=\"1280\" srcset=\"https:\/\/photo.davidalquier.fr\/wp-content\/uploads\/2022\/03\/Nature-Araignee-Salticide-02.jpg 1920w, https:\/\/photo.davidalquier.fr\/wp-content\/uploads\/2022\/03\/Nature-Araignee-Salticide-02-600x400.jpg 600w, https:\/\/photo.davidalquier.fr\/wp-content\/uploads\/2022\/03\/Nature-Araignee-Salticide-02-1200x800.jpg 1200w, https:\/\/photo.davidalquier.fr\/wp-content\/uploads\/2022\/03\/Nature-Araignee-Salticide-02-768x512.jpg 768w, https:\/\/photo.davidalquier.fr\/wp-content\/uploads\/2022\/03\/Nature-Araignee-Salticide-02-1536x1024.jpg 1536w, https:\/\/photo.davidalquier.fr\/wp-content\/uploads\/2022\/03\/Nature-Araignee-Salticide-02-525x350.jpg 525w\" sizes=\"auto, (max-width: 1920px) 100vw, 1920px\" \/><\/a><figcaption id=\"caption-attachment-1651\" class=\"wp-caption-text\">Individu de la famille des Salticidae &#8211; Larroque (Tarn) &#8211; 16 mars 2012<\/figcaption><\/figure>\n<figure id=\"attachment_1669\" aria-describedby=\"caption-attachment-1669\" style=\"width: 2560px\" class=\"wp-caption alignnone\"><a href=\"https:\/\/photo.davidalquier.fr\/wp-content\/uploads\/2022\/03\/Nature-Araignee-Salticidea-sp.-00-scaled.jpg\"><img loading=\"lazy\" decoding=\"async\" class=\"wp-image-1669 size-full\" src=\"https:\/\/photo.davidalquier.fr\/wp-content\/uploads\/2022\/03\/Nature-Araignee-Salticidea-sp.-00-scaled.jpg\" alt=\"Salticidae\" width=\"2560\" height=\"1706\" srcset=\"https:\/\/photo.davidalquier.fr\/wp-content\/uploads\/2022\/03\/Nature-Araignee-Salticidea-sp.-00-scaled.jpg 2560w, https:\/\/photo.davidalquier.fr\/wp-content\/uploads\/2022\/03\/Nature-Araignee-Salticidea-sp.-00-600x400.jpg 600w, https:\/\/photo.davidalquier.fr\/wp-content\/uploads\/2022\/03\/Nature-Araignee-Salticidea-sp.-00-1200x800.jpg 1200w, https:\/\/photo.davidalquier.fr\/wp-content\/uploads\/2022\/03\/Nature-Araignee-Salticidea-sp.-00-768x512.jpg 768w, https:\/\/photo.davidalquier.fr\/wp-content\/uploads\/2022\/03\/Nature-Araignee-Salticidea-sp.-00-1536x1024.jpg 1536w, https:\/\/photo.davidalquier.fr\/wp-content\/uploads\/2022\/03\/Nature-Araignee-Salticidea-sp.-00-2048x1365.jpg 2048w, https:\/\/photo.davidalquier.fr\/wp-content\/uploads\/2022\/03\/Nature-Araignee-Salticidea-sp.-00-525x350.jpg 525w\" sizes=\"auto, (max-width: 2560px) 100vw, 2560px\" \/><\/a><figcaption id=\"caption-attachment-1669\" class=\"wp-caption-text\">Individu de la famille des Salticidae &#8211; Causse de Caucali\u00e8res (Tarn) &#8211; 23 mars 2012<\/figcaption><\/figure>\n","protected":false},"excerpt":{"rendered":"<p>\u00ab\u00a0Avoir une araign\u00e9e au plafond\u00a0\u00bb est une expression qui sied \u00e0 merveille au naturaliste-photographe ! En effet, pour aller au fond de cette passion, il faut vraiment \u00eatre un peu fou, et notre entourage ne manque jamais de nous le faire remarquer ! Certaines personnes ne regarderons pas plus ces pages que d&rsquo;autres les pages avec des serpents&#8230; L&rsquo;arachnophobie et &hellip;<\/p>\n","protected":false},"author":1,"featured_media":1647,"comment_status":"closed","ping_status":"closed","sticky":false,"template":"","format":"standard","meta":{"ngg_post_thumbnail":0,"footnotes":""},"categories":[50,10],"tags":[],"class_list":["post-1653","post","type-post","status-publish","format-standard","has-post-thumbnail","hentry","category-araignees","category-nature"],"_links":{"self":[{"href":"https:\/\/photo.davidalquier.fr\/index.php?rest_route=\/wp\/v2\/posts\/1653","targetHints":{"allow":["GET"]}}],"collection":[{"href":"https:\/\/photo.davidalquier.fr\/index.php?rest_route=\/wp\/v2\/posts"}],"about":[{"href":"https:\/\/photo.davidalquier.fr\/index.php?rest_route=\/wp\/v2\/types\/post"}],"author":[{"embeddable":true,"href":"https:\/\/photo.davidalquier.fr\/index.php?rest_route=\/wp\/v2\/users\/1"}],"replies":[{"embeddable":true,"href":"https:\/\/photo.davidalquier.fr\/index.php?rest_route=%2Fwp%2Fv2%2Fcomments&post=1653"}],"version-history":[{"count":0,"href":"https:\/\/photo.davidalquier.fr\/index.php?rest_route=\/wp\/v2\/posts\/1653\/revisions"}],"wp:featuredmedia":[{"embeddable":true,"href":"https:\/\/photo.davidalquier.fr\/index.php?rest_route=\/wp\/v2\/media\/1647"}],"wp:attachment":[{"href":"https:\/\/photo.davidalquier.fr\/index.php?rest_route=%2Fwp%2Fv2%2Fmedia&parent=1653"}],"wp:term":[{"taxonomy":"category","embeddable":true,"href":"https:\/\/photo.davidalquier.fr\/index.php?rest_route=%2Fwp%2Fv2%2Fcategories&post=1653"},{"taxonomy":"post_tag","embeddable":true,"href":"https:\/\/photo.davidalquier.fr\/index.php?rest_route=%2Fwp%2Fv2%2Ftags&post=1653"}],"curies":[{"name":"wp","href":"https:\/\/api.w.org\/{rel}","templated":true}]}}