{"id":1822,"date":"2022-03-27T10:11:58","date_gmt":"2022-03-27T10:11:58","guid":{"rendered":"https:\/\/photo.davidalquier.fr\/?p=1822"},"modified":"2022-04-19T18:26:19","modified_gmt":"2022-04-19T18:26:19","slug":"carnets-nature-insectes-antaxie-cevenole","status":"publish","type":"post","link":"https:\/\/photo.davidalquier.fr\/?p=1822","title":{"rendered":"Carnets Nature \u2013 Insectes <BR>L&rsquo;ANTAXIE C\u00c9VENOLE"},"content":{"rendered":"<p>L&rsquo;Antaxie c\u00e9venole est une sauterelle facile \u00e0 reconnaitre. Son ovipositeur, le rostre que la femelle poss\u00e8de au bout de son abdomen est droit. Nous l&rsquo;avons souvent crois\u00e9e avec Laurent P. lors des sorties Saga Pedo, sur les causses au dessus de Mespel, \u00e0 la limite entre le Tarn et le Tarn-et-Garonne.<\/p>\n<figure id=\"attachment_1800\" aria-describedby=\"caption-attachment-1800\" style=\"width: 1920px\" class=\"wp-caption alignnone\"><a href=\"https:\/\/photo.davidalquier.fr\/wp-content\/uploads\/2022\/03\/Nature-Anaxiecevenole-01.jpg.jpg\"><img loading=\"lazy\" decoding=\"async\" class=\"wp-image-1800 size-full\" src=\"https:\/\/photo.davidalquier.fr\/wp-content\/uploads\/2022\/03\/Nature-Anaxiecevenole-01.jpg.jpg\" alt=\"\" width=\"1920\" height=\"1080\" srcset=\"https:\/\/photo.davidalquier.fr\/wp-content\/uploads\/2022\/03\/Nature-Anaxiecevenole-01.jpg.jpg 1920w, https:\/\/photo.davidalquier.fr\/wp-content\/uploads\/2022\/03\/Nature-Anaxiecevenole-01.jpg-600x338.jpg 600w, https:\/\/photo.davidalquier.fr\/wp-content\/uploads\/2022\/03\/Nature-Anaxiecevenole-01.jpg-1200x675.jpg 1200w, https:\/\/photo.davidalquier.fr\/wp-content\/uploads\/2022\/03\/Nature-Anaxiecevenole-01.jpg-768x432.jpg 768w, https:\/\/photo.davidalquier.fr\/wp-content\/uploads\/2022\/03\/Nature-Anaxiecevenole-01.jpg-1536x864.jpg 1536w, https:\/\/photo.davidalquier.fr\/wp-content\/uploads\/2022\/03\/Nature-Anaxiecevenole-01.jpg-622x350.jpg 622w\" sizes=\"auto, (max-width: 1920px) 100vw, 1920px\" \/><\/a><figcaption id=\"caption-attachment-1800\" class=\"wp-caption-text\">Antaxie c\u00e9venole femelle &#8211; Causse de Mespel (Tarn) &#8211; 24 juillet 2014<\/figcaption><\/figure>\n<figure id=\"attachment_1802\" aria-describedby=\"caption-attachment-1802\" style=\"width: 1920px\" class=\"wp-caption alignnone\"><a href=\"https:\/\/photo.davidalquier.fr\/wp-content\/uploads\/2022\/03\/Nature-Anaxiecevenole-02.jpg.jpg\"><img loading=\"lazy\" decoding=\"async\" class=\"wp-image-1802 size-full\" src=\"https:\/\/photo.davidalquier.fr\/wp-content\/uploads\/2022\/03\/Nature-Anaxiecevenole-02.jpg.jpg\" alt=\"\" width=\"1920\" height=\"1080\" srcset=\"https:\/\/photo.davidalquier.fr\/wp-content\/uploads\/2022\/03\/Nature-Anaxiecevenole-02.jpg.jpg 1920w, https:\/\/photo.davidalquier.fr\/wp-content\/uploads\/2022\/03\/Nature-Anaxiecevenole-02.jpg-600x338.jpg 600w, https:\/\/photo.davidalquier.fr\/wp-content\/uploads\/2022\/03\/Nature-Anaxiecevenole-02.jpg-1200x675.jpg 1200w, https:\/\/photo.davidalquier.fr\/wp-content\/uploads\/2022\/03\/Nature-Anaxiecevenole-02.jpg-768x432.jpg 768w, https:\/\/photo.davidalquier.fr\/wp-content\/uploads\/2022\/03\/Nature-Anaxiecevenole-02.jpg-1536x864.jpg 1536w, https:\/\/photo.davidalquier.fr\/wp-content\/uploads\/2022\/03\/Nature-Anaxiecevenole-02.jpg-622x350.jpg 622w\" sizes=\"auto, (max-width: 1920px) 100vw, 1920px\" \/><\/a><figcaption id=\"caption-attachment-1802\" class=\"wp-caption-text\">Antaxie c\u00e9venole femelle &#8211; Causse de Mespel (Tarn) &#8211; 24 juillet 2014<\/figcaption><\/figure>\n<figure id=\"attachment_1803\" aria-describedby=\"caption-attachment-1803\" style=\"width: 1920px\" class=\"wp-caption alignnone\"><a href=\"https:\/\/photo.davidalquier.fr\/wp-content\/uploads\/2022\/03\/Nature-Anaxiecevenole-03.jpg.jpg\"><img loading=\"lazy\" decoding=\"async\" class=\"wp-image-1803 size-full\" src=\"https:\/\/photo.davidalquier.fr\/wp-content\/uploads\/2022\/03\/Nature-Anaxiecevenole-03.jpg.jpg\" alt=\"\" width=\"1920\" height=\"1080\" srcset=\"https:\/\/photo.davidalquier.fr\/wp-content\/uploads\/2022\/03\/Nature-Anaxiecevenole-03.jpg.jpg 1920w, https:\/\/photo.davidalquier.fr\/wp-content\/uploads\/2022\/03\/Nature-Anaxiecevenole-03.jpg-600x338.jpg 600w, https:\/\/photo.davidalquier.fr\/wp-content\/uploads\/2022\/03\/Nature-Anaxiecevenole-03.jpg-1200x675.jpg 1200w, https:\/\/photo.davidalquier.fr\/wp-content\/uploads\/2022\/03\/Nature-Anaxiecevenole-03.jpg-768x432.jpg 768w, https:\/\/photo.davidalquier.fr\/wp-content\/uploads\/2022\/03\/Nature-Anaxiecevenole-03.jpg-1536x864.jpg 1536w, https:\/\/photo.davidalquier.fr\/wp-content\/uploads\/2022\/03\/Nature-Anaxiecevenole-03.jpg-622x350.jpg 622w\" sizes=\"auto, (max-width: 1920px) 100vw, 1920px\" \/><\/a><figcaption id=\"caption-attachment-1803\" class=\"wp-caption-text\">Antaxie c\u00e9venole m\u00e2le &#8211; Causse de Mespel (Tarn) &#8211; 12 aout 2014<\/figcaption><\/figure>\n<figure id=\"attachment_1804\" aria-describedby=\"caption-attachment-1804\" style=\"width: 1920px\" class=\"wp-caption alignnone\"><a href=\"https:\/\/photo.davidalquier.fr\/wp-content\/uploads\/2022\/03\/Nature-Anaxiecevenole-04.jpg.jpg\"><img loading=\"lazy\" decoding=\"async\" class=\"wp-image-1804 size-full\" src=\"https:\/\/photo.davidalquier.fr\/wp-content\/uploads\/2022\/03\/Nature-Anaxiecevenole-04.jpg.jpg\" alt=\"\" width=\"1920\" height=\"1080\" srcset=\"https:\/\/photo.davidalquier.fr\/wp-content\/uploads\/2022\/03\/Nature-Anaxiecevenole-04.jpg.jpg 1920w, https:\/\/photo.davidalquier.fr\/wp-content\/uploads\/2022\/03\/Nature-Anaxiecevenole-04.jpg-600x338.jpg 600w, https:\/\/photo.davidalquier.fr\/wp-content\/uploads\/2022\/03\/Nature-Anaxiecevenole-04.jpg-1200x675.jpg 1200w, https:\/\/photo.davidalquier.fr\/wp-content\/uploads\/2022\/03\/Nature-Anaxiecevenole-04.jpg-768x432.jpg 768w, https:\/\/photo.davidalquier.fr\/wp-content\/uploads\/2022\/03\/Nature-Anaxiecevenole-04.jpg-1536x864.jpg 1536w, https:\/\/photo.davidalquier.fr\/wp-content\/uploads\/2022\/03\/Nature-Anaxiecevenole-04.jpg-622x350.jpg 622w\" sizes=\"auto, (max-width: 1920px) 100vw, 1920px\" \/><\/a><figcaption id=\"caption-attachment-1804\" class=\"wp-caption-text\">Antaxie c\u00e9venole m\u00e2le &#8211; Causse de Mespel (Tarn) &#8211; 12 aout 2014<\/figcaption><\/figure>\n<figure id=\"attachment_1806\" aria-describedby=\"caption-attachment-1806\" style=\"width: 1920px\" class=\"wp-caption alignnone\"><a href=\"https:\/\/photo.davidalquier.fr\/wp-content\/uploads\/2022\/03\/Nature-Anaxiecevenole-05.jpg.jpg\"><img loading=\"lazy\" decoding=\"async\" class=\"wp-image-1806 size-full\" src=\"https:\/\/photo.davidalquier.fr\/wp-content\/uploads\/2022\/03\/Nature-Anaxiecevenole-05.jpg.jpg\" alt=\"\" width=\"1920\" height=\"1080\" srcset=\"https:\/\/photo.davidalquier.fr\/wp-content\/uploads\/2022\/03\/Nature-Anaxiecevenole-05.jpg.jpg 1920w, https:\/\/photo.davidalquier.fr\/wp-content\/uploads\/2022\/03\/Nature-Anaxiecevenole-05.jpg-600x338.jpg 600w, https:\/\/photo.davidalquier.fr\/wp-content\/uploads\/2022\/03\/Nature-Anaxiecevenole-05.jpg-1200x675.jpg 1200w, https:\/\/photo.davidalquier.fr\/wp-content\/uploads\/2022\/03\/Nature-Anaxiecevenole-05.jpg-768x432.jpg 768w, https:\/\/photo.davidalquier.fr\/wp-content\/uploads\/2022\/03\/Nature-Anaxiecevenole-05.jpg-1536x864.jpg 1536w, https:\/\/photo.davidalquier.fr\/wp-content\/uploads\/2022\/03\/Nature-Anaxiecevenole-05.jpg-622x350.jpg 622w\" sizes=\"auto, (max-width: 1920px) 100vw, 1920px\" \/><\/a><figcaption id=\"caption-attachment-1806\" class=\"wp-caption-text\">Antaxie c\u00e9venole femelle &#8211; Montfort (Tarn) &#8211; 30 aout 2014<\/figcaption><\/figure>\n<figure id=\"attachment_1809\" aria-describedby=\"caption-attachment-1809\" style=\"width: 1920px\" class=\"wp-caption alignnone\"><a href=\"https:\/\/photo.davidalquier.fr\/wp-content\/uploads\/2022\/03\/Nature-Anaxiecevenole-06.jpg.jpg\"><img loading=\"lazy\" decoding=\"async\" class=\"wp-image-1809 size-full\" src=\"https:\/\/photo.davidalquier.fr\/wp-content\/uploads\/2022\/03\/Nature-Anaxiecevenole-06.jpg.jpg\" alt=\"\" width=\"1920\" height=\"1280\" srcset=\"https:\/\/photo.davidalquier.fr\/wp-content\/uploads\/2022\/03\/Nature-Anaxiecevenole-06.jpg.jpg 1920w, https:\/\/photo.davidalquier.fr\/wp-content\/uploads\/2022\/03\/Nature-Anaxiecevenole-06.jpg-600x400.jpg 600w, https:\/\/photo.davidalquier.fr\/wp-content\/uploads\/2022\/03\/Nature-Anaxiecevenole-06.jpg-1200x800.jpg 1200w, https:\/\/photo.davidalquier.fr\/wp-content\/uploads\/2022\/03\/Nature-Anaxiecevenole-06.jpg-768x512.jpg 768w, https:\/\/photo.davidalquier.fr\/wp-content\/uploads\/2022\/03\/Nature-Anaxiecevenole-06.jpg-1536x1024.jpg 1536w, https:\/\/photo.davidalquier.fr\/wp-content\/uploads\/2022\/03\/Nature-Anaxiecevenole-06.jpg-525x350.jpg 525w\" sizes=\"auto, (max-width: 1920px) 100vw, 1920px\" \/><\/a><figcaption id=\"caption-attachment-1809\" class=\"wp-caption-text\">Antaxie c\u00e9venole femelle &#8211; Montfort (Tarn) &#8211; 30 aout 2014<\/figcaption><\/figure>\n<figure id=\"attachment_1810\" aria-describedby=\"caption-attachment-1810\" style=\"width: 1920px\" class=\"wp-caption alignnone\"><a href=\"https:\/\/photo.davidalquier.fr\/wp-content\/uploads\/2022\/03\/Nature-Anaxiecevenole-07.jpg.jpg\"><img loading=\"lazy\" decoding=\"async\" class=\"wp-image-1810 size-full\" src=\"https:\/\/photo.davidalquier.fr\/wp-content\/uploads\/2022\/03\/Nature-Anaxiecevenole-07.jpg.jpg\" alt=\"\" width=\"1920\" height=\"1080\" srcset=\"https:\/\/photo.davidalquier.fr\/wp-content\/uploads\/2022\/03\/Nature-Anaxiecevenole-07.jpg.jpg 1920w, https:\/\/photo.davidalquier.fr\/wp-content\/uploads\/2022\/03\/Nature-Anaxiecevenole-07.jpg-600x338.jpg 600w, https:\/\/photo.davidalquier.fr\/wp-content\/uploads\/2022\/03\/Nature-Anaxiecevenole-07.jpg-1200x675.jpg 1200w, https:\/\/photo.davidalquier.fr\/wp-content\/uploads\/2022\/03\/Nature-Anaxiecevenole-07.jpg-768x432.jpg 768w, https:\/\/photo.davidalquier.fr\/wp-content\/uploads\/2022\/03\/Nature-Anaxiecevenole-07.jpg-1536x864.jpg 1536w, https:\/\/photo.davidalquier.fr\/wp-content\/uploads\/2022\/03\/Nature-Anaxiecevenole-07.jpg-622x350.jpg 622w\" sizes=\"auto, (max-width: 1920px) 100vw, 1920px\" \/><\/a><figcaption id=\"caption-attachment-1810\" class=\"wp-caption-text\">Antaxie c\u00e9venole femelle &#8211; Montfort (Tarn) &#8211; 30 aout 2014<\/figcaption><\/figure>\n<figure id=\"attachment_1811\" aria-describedby=\"caption-attachment-1811\" style=\"width: 1920px\" class=\"wp-caption alignnone\"><a href=\"https:\/\/photo.davidalquier.fr\/wp-content\/uploads\/2022\/03\/Nature-Anaxiecevenole-08.jpg.jpg\"><img loading=\"lazy\" decoding=\"async\" class=\"wp-image-1811 size-full\" src=\"https:\/\/photo.davidalquier.fr\/wp-content\/uploads\/2022\/03\/Nature-Anaxiecevenole-08.jpg.jpg\" alt=\"\" width=\"1920\" height=\"1080\" srcset=\"https:\/\/photo.davidalquier.fr\/wp-content\/uploads\/2022\/03\/Nature-Anaxiecevenole-08.jpg.jpg 1920w, https:\/\/photo.davidalquier.fr\/wp-content\/uploads\/2022\/03\/Nature-Anaxiecevenole-08.jpg-600x338.jpg 600w, https:\/\/photo.davidalquier.fr\/wp-content\/uploads\/2022\/03\/Nature-Anaxiecevenole-08.jpg-1200x675.jpg 1200w, https:\/\/photo.davidalquier.fr\/wp-content\/uploads\/2022\/03\/Nature-Anaxiecevenole-08.jpg-768x432.jpg 768w, https:\/\/photo.davidalquier.fr\/wp-content\/uploads\/2022\/03\/Nature-Anaxiecevenole-08.jpg-1536x864.jpg 1536w, https:\/\/photo.davidalquier.fr\/wp-content\/uploads\/2022\/03\/Nature-Anaxiecevenole-08.jpg-622x350.jpg 622w\" sizes=\"auto, (max-width: 1920px) 100vw, 1920px\" \/><\/a><figcaption id=\"caption-attachment-1811\" class=\"wp-caption-text\">Antaxie c\u00e9venole femelle &#8211; Causse de Mespel (Tarn) &#8211; 6 septembre 2014<\/figcaption><\/figure>\n<figure id=\"attachment_1812\" aria-describedby=\"caption-attachment-1812\" style=\"width: 1920px\" class=\"wp-caption alignnone\"><a href=\"https:\/\/photo.davidalquier.fr\/wp-content\/uploads\/2022\/03\/Nature-Anaxiecevenole-09.jpg.jpg\"><img loading=\"lazy\" decoding=\"async\" class=\"wp-image-1812 size-full\" src=\"https:\/\/photo.davidalquier.fr\/wp-content\/uploads\/2022\/03\/Nature-Anaxiecevenole-09.jpg.jpg\" alt=\"\" width=\"1920\" height=\"1080\" srcset=\"https:\/\/photo.davidalquier.fr\/wp-content\/uploads\/2022\/03\/Nature-Anaxiecevenole-09.jpg.jpg 1920w, https:\/\/photo.davidalquier.fr\/wp-content\/uploads\/2022\/03\/Nature-Anaxiecevenole-09.jpg-600x338.jpg 600w, https:\/\/photo.davidalquier.fr\/wp-content\/uploads\/2022\/03\/Nature-Anaxiecevenole-09.jpg-1200x675.jpg 1200w, https:\/\/photo.davidalquier.fr\/wp-content\/uploads\/2022\/03\/Nature-Anaxiecevenole-09.jpg-768x432.jpg 768w, https:\/\/photo.davidalquier.fr\/wp-content\/uploads\/2022\/03\/Nature-Anaxiecevenole-09.jpg-1536x864.jpg 1536w, https:\/\/photo.davidalquier.fr\/wp-content\/uploads\/2022\/03\/Nature-Anaxiecevenole-09.jpg-622x350.jpg 622w\" sizes=\"auto, (max-width: 1920px) 100vw, 1920px\" \/><\/a><figcaption id=\"caption-attachment-1812\" class=\"wp-caption-text\">Antaxie c\u00e9venole femelle &#8211; Causse de Mespel (Tarn) &#8211; 6 septembre 2014<\/figcaption><\/figure>\n<figure id=\"attachment_1813\" aria-describedby=\"caption-attachment-1813\" style=\"width: 1920px\" class=\"wp-caption alignnone\"><a href=\"https:\/\/photo.davidalquier.fr\/wp-content\/uploads\/2022\/03\/Nature-Anaxiecevenole-10.jpg.jpg\"><img loading=\"lazy\" decoding=\"async\" class=\"wp-image-1813 size-full\" src=\"https:\/\/photo.davidalquier.fr\/wp-content\/uploads\/2022\/03\/Nature-Anaxiecevenole-10.jpg.jpg\" alt=\"\" width=\"1920\" height=\"1280\" srcset=\"https:\/\/photo.davidalquier.fr\/wp-content\/uploads\/2022\/03\/Nature-Anaxiecevenole-10.jpg.jpg 1920w, https:\/\/photo.davidalquier.fr\/wp-content\/uploads\/2022\/03\/Nature-Anaxiecevenole-10.jpg-600x400.jpg 600w, https:\/\/photo.davidalquier.fr\/wp-content\/uploads\/2022\/03\/Nature-Anaxiecevenole-10.jpg-1200x800.jpg 1200w, https:\/\/photo.davidalquier.fr\/wp-content\/uploads\/2022\/03\/Nature-Anaxiecevenole-10.jpg-768x512.jpg 768w, https:\/\/photo.davidalquier.fr\/wp-content\/uploads\/2022\/03\/Nature-Anaxiecevenole-10.jpg-1536x1024.jpg 1536w, https:\/\/photo.davidalquier.fr\/wp-content\/uploads\/2022\/03\/Nature-Anaxiecevenole-10.jpg-525x350.jpg 525w\" sizes=\"auto, (max-width: 1920px) 100vw, 1920px\" \/><\/a><figcaption id=\"caption-attachment-1813\" class=\"wp-caption-text\">Antaxie c\u00e9venole femelle &#8211; Causse de Mespel (Tarn) &#8211; 6 septembre 2014<\/figcaption><\/figure>\n<figure id=\"attachment_1814\" aria-describedby=\"caption-attachment-1814\" style=\"width: 1920px\" class=\"wp-caption alignnone\"><a href=\"https:\/\/photo.davidalquier.fr\/wp-content\/uploads\/2022\/03\/Nature-Anaxiecevenole-11.jpg.jpg\"><img loading=\"lazy\" decoding=\"async\" class=\"wp-image-1814 size-full\" src=\"https:\/\/photo.davidalquier.fr\/wp-content\/uploads\/2022\/03\/Nature-Anaxiecevenole-11.jpg.jpg\" alt=\"\" width=\"1920\" height=\"1080\" srcset=\"https:\/\/photo.davidalquier.fr\/wp-content\/uploads\/2022\/03\/Nature-Anaxiecevenole-11.jpg.jpg 1920w, https:\/\/photo.davidalquier.fr\/wp-content\/uploads\/2022\/03\/Nature-Anaxiecevenole-11.jpg-600x338.jpg 600w, https:\/\/photo.davidalquier.fr\/wp-content\/uploads\/2022\/03\/Nature-Anaxiecevenole-11.jpg-1200x675.jpg 1200w, https:\/\/photo.davidalquier.fr\/wp-content\/uploads\/2022\/03\/Nature-Anaxiecevenole-11.jpg-768x432.jpg 768w, https:\/\/photo.davidalquier.fr\/wp-content\/uploads\/2022\/03\/Nature-Anaxiecevenole-11.jpg-1536x864.jpg 1536w, https:\/\/photo.davidalquier.fr\/wp-content\/uploads\/2022\/03\/Nature-Anaxiecevenole-11.jpg-622x350.jpg 622w\" sizes=\"auto, (max-width: 1920px) 100vw, 1920px\" \/><\/a><figcaption id=\"caption-attachment-1814\" class=\"wp-caption-text\">Antaxie c\u00e9venole femelle &#8211; Causse de Mespel (Tarn) &#8211; 6 septembre 2014<\/figcaption><\/figure>\n<figure id=\"attachment_1815\" aria-describedby=\"caption-attachment-1815\" style=\"width: 1920px\" class=\"wp-caption alignnone\"><a href=\"https:\/\/photo.davidalquier.fr\/wp-content\/uploads\/2022\/03\/Nature-Anaxiecevenole-12.jpg.jpg\"><img loading=\"lazy\" decoding=\"async\" class=\"wp-image-1815 size-full\" src=\"https:\/\/photo.davidalquier.fr\/wp-content\/uploads\/2022\/03\/Nature-Anaxiecevenole-12.jpg.jpg\" alt=\"\" width=\"1920\" height=\"1080\" srcset=\"https:\/\/photo.davidalquier.fr\/wp-content\/uploads\/2022\/03\/Nature-Anaxiecevenole-12.jpg.jpg 1920w, https:\/\/photo.davidalquier.fr\/wp-content\/uploads\/2022\/03\/Nature-Anaxiecevenole-12.jpg-600x338.jpg 600w, https:\/\/photo.davidalquier.fr\/wp-content\/uploads\/2022\/03\/Nature-Anaxiecevenole-12.jpg-1200x675.jpg 1200w, https:\/\/photo.davidalquier.fr\/wp-content\/uploads\/2022\/03\/Nature-Anaxiecevenole-12.jpg-768x432.jpg 768w, https:\/\/photo.davidalquier.fr\/wp-content\/uploads\/2022\/03\/Nature-Anaxiecevenole-12.jpg-1536x864.jpg 1536w, https:\/\/photo.davidalquier.fr\/wp-content\/uploads\/2022\/03\/Nature-Anaxiecevenole-12.jpg-622x350.jpg 622w\" sizes=\"auto, (max-width: 1920px) 100vw, 1920px\" \/><\/a><figcaption id=\"caption-attachment-1815\" class=\"wp-caption-text\">Antaxie c\u00e9venole femelle &#8211; Causse de Mespel (Tarn) &#8211; 6 septembre 2014<\/figcaption><\/figure>\n<figure id=\"attachment_1817\" aria-describedby=\"caption-attachment-1817\" style=\"width: 1920px\" class=\"wp-caption alignnone\"><a href=\"https:\/\/photo.davidalquier.fr\/wp-content\/uploads\/2022\/03\/Nature-Anaxiecevenole-13.jpg.jpg\"><img loading=\"lazy\" decoding=\"async\" class=\"wp-image-1817 size-full\" src=\"https:\/\/photo.davidalquier.fr\/wp-content\/uploads\/2022\/03\/Nature-Anaxiecevenole-13.jpg.jpg\" alt=\"\" width=\"1920\" height=\"1280\" srcset=\"https:\/\/photo.davidalquier.fr\/wp-content\/uploads\/2022\/03\/Nature-Anaxiecevenole-13.jpg.jpg 1920w, https:\/\/photo.davidalquier.fr\/wp-content\/uploads\/2022\/03\/Nature-Anaxiecevenole-13.jpg-600x400.jpg 600w, https:\/\/photo.davidalquier.fr\/wp-content\/uploads\/2022\/03\/Nature-Anaxiecevenole-13.jpg-1200x800.jpg 1200w, https:\/\/photo.davidalquier.fr\/wp-content\/uploads\/2022\/03\/Nature-Anaxiecevenole-13.jpg-768x512.jpg 768w, https:\/\/photo.davidalquier.fr\/wp-content\/uploads\/2022\/03\/Nature-Anaxiecevenole-13.jpg-1536x1024.jpg 1536w, https:\/\/photo.davidalquier.fr\/wp-content\/uploads\/2022\/03\/Nature-Anaxiecevenole-13.jpg-525x350.jpg 525w\" sizes=\"auto, (max-width: 1920px) 100vw, 1920px\" \/><\/a><figcaption id=\"caption-attachment-1817\" class=\"wp-caption-text\">Antaxie c\u00e9venole femelle &#8211; Causse de Mespel (Tarn) &#8211; 14 septembre 2014<\/figcaption><\/figure>\n<figure id=\"attachment_1818\" aria-describedby=\"caption-attachment-1818\" style=\"width: 1920px\" class=\"wp-caption alignnone\"><a href=\"https:\/\/photo.davidalquier.fr\/wp-content\/uploads\/2022\/03\/Nature-Anaxiecevenole-14.jpg.jpg\"><img loading=\"lazy\" decoding=\"async\" class=\"wp-image-1818 size-full\" src=\"https:\/\/photo.davidalquier.fr\/wp-content\/uploads\/2022\/03\/Nature-Anaxiecevenole-14.jpg.jpg\" alt=\"\" width=\"1920\" height=\"1080\" srcset=\"https:\/\/photo.davidalquier.fr\/wp-content\/uploads\/2022\/03\/Nature-Anaxiecevenole-14.jpg.jpg 1920w, https:\/\/photo.davidalquier.fr\/wp-content\/uploads\/2022\/03\/Nature-Anaxiecevenole-14.jpg-600x338.jpg 600w, https:\/\/photo.davidalquier.fr\/wp-content\/uploads\/2022\/03\/Nature-Anaxiecevenole-14.jpg-1200x675.jpg 1200w, https:\/\/photo.davidalquier.fr\/wp-content\/uploads\/2022\/03\/Nature-Anaxiecevenole-14.jpg-768x432.jpg 768w, https:\/\/photo.davidalquier.fr\/wp-content\/uploads\/2022\/03\/Nature-Anaxiecevenole-14.jpg-1536x864.jpg 1536w, https:\/\/photo.davidalquier.fr\/wp-content\/uploads\/2022\/03\/Nature-Anaxiecevenole-14.jpg-622x350.jpg 622w\" sizes=\"auto, (max-width: 1920px) 100vw, 1920px\" \/><\/a><figcaption id=\"caption-attachment-1818\" class=\"wp-caption-text\">Antaxie c\u00e9venole femelle &#8211; Causse de Mespel (Tarn) &#8211; 14 septembre 2014<\/figcaption><\/figure>\n<figure id=\"attachment_1819\" aria-describedby=\"caption-attachment-1819\" style=\"width: 1920px\" class=\"wp-caption alignnone\"><a href=\"https:\/\/photo.davidalquier.fr\/wp-content\/uploads\/2022\/03\/Nature-Anaxiecevenole-15.jpg.jpg\"><img loading=\"lazy\" decoding=\"async\" class=\"wp-image-1819 size-full\" src=\"https:\/\/photo.davidalquier.fr\/wp-content\/uploads\/2022\/03\/Nature-Anaxiecevenole-15.jpg.jpg\" alt=\"\" width=\"1920\" height=\"1080\" srcset=\"https:\/\/photo.davidalquier.fr\/wp-content\/uploads\/2022\/03\/Nature-Anaxiecevenole-15.jpg.jpg 1920w, https:\/\/photo.davidalquier.fr\/wp-content\/uploads\/2022\/03\/Nature-Anaxiecevenole-15.jpg-600x338.jpg 600w, https:\/\/photo.davidalquier.fr\/wp-content\/uploads\/2022\/03\/Nature-Anaxiecevenole-15.jpg-1200x675.jpg 1200w, https:\/\/photo.davidalquier.fr\/wp-content\/uploads\/2022\/03\/Nature-Anaxiecevenole-15.jpg-768x432.jpg 768w, https:\/\/photo.davidalquier.fr\/wp-content\/uploads\/2022\/03\/Nature-Anaxiecevenole-15.jpg-1536x864.jpg 1536w, https:\/\/photo.davidalquier.fr\/wp-content\/uploads\/2022\/03\/Nature-Anaxiecevenole-15.jpg-622x350.jpg 622w\" sizes=\"auto, (max-width: 1920px) 100vw, 1920px\" \/><\/a><figcaption id=\"caption-attachment-1819\" class=\"wp-caption-text\">Antaxie c\u00e9venole m\u00e2le &#8211; Causse de Mespel (Tarn) &#8211; 14 septembre 2014<\/figcaption><\/figure>\n<figure id=\"attachment_1820\" aria-describedby=\"caption-attachment-1820\" style=\"width: 1920px\" class=\"wp-caption alignnone\"><a href=\"https:\/\/photo.davidalquier.fr\/wp-content\/uploads\/2022\/03\/Nature-Anaxiecevenole-16.jpg.jpg\"><img loading=\"lazy\" decoding=\"async\" class=\"wp-image-1820 size-full\" src=\"https:\/\/photo.davidalquier.fr\/wp-content\/uploads\/2022\/03\/Nature-Anaxiecevenole-16.jpg.jpg\" alt=\"\" width=\"1920\" height=\"1280\" srcset=\"https:\/\/photo.davidalquier.fr\/wp-content\/uploads\/2022\/03\/Nature-Anaxiecevenole-16.jpg.jpg 1920w, https:\/\/photo.davidalquier.fr\/wp-content\/uploads\/2022\/03\/Nature-Anaxiecevenole-16.jpg-600x400.jpg 600w, https:\/\/photo.davidalquier.fr\/wp-content\/uploads\/2022\/03\/Nature-Anaxiecevenole-16.jpg-1200x800.jpg 1200w, https:\/\/photo.davidalquier.fr\/wp-content\/uploads\/2022\/03\/Nature-Anaxiecevenole-16.jpg-768x512.jpg 768w, https:\/\/photo.davidalquier.fr\/wp-content\/uploads\/2022\/03\/Nature-Anaxiecevenole-16.jpg-1536x1024.jpg 1536w, https:\/\/photo.davidalquier.fr\/wp-content\/uploads\/2022\/03\/Nature-Anaxiecevenole-16.jpg-525x350.jpg 525w\" sizes=\"auto, (max-width: 1920px) 100vw, 1920px\" \/><\/a><figcaption id=\"caption-attachment-1820\" class=\"wp-caption-text\">Antaxie c\u00e9venole m\u00e2le &#8211; Causse de Mespel (Tarn) &#8211; 14 septembre 2014<\/figcaption><\/figure>\n","protected":false},"excerpt":{"rendered":"<p>L&rsquo;Antaxie c\u00e9venole est une sauterelle facile \u00e0 reconnaitre. Son ovipositeur, le rostre que la femelle poss\u00e8de au bout de son abdomen est droit. Nous l&rsquo;avons souvent crois\u00e9e avec Laurent P. lors des sorties Saga Pedo, sur les causses au dessus de Mespel, \u00e0 la limite entre le Tarn et le Tarn-et-Garonne.<\/p>\n","protected":false},"author":1,"featured_media":1800,"comment_status":"closed","ping_status":"closed","sticky":false,"template":"","format":"standard","meta":{"ngg_post_thumbnail":0,"footnotes":""},"categories":[10,17,52],"tags":[],"class_list":["post-1822","post","type-post","status-publish","format-standard","has-post-thumbnail","hentry","category-nature","category-insectes","category-orthopteres"],"_links":{"self":[{"href":"https:\/\/photo.davidalquier.fr\/index.php?rest_route=\/wp\/v2\/posts\/1822","targetHints":{"allow":["GET"]}}],"collection":[{"href":"https:\/\/photo.davidalquier.fr\/index.php?rest_route=\/wp\/v2\/posts"}],"about":[{"href":"https:\/\/photo.davidalquier.fr\/index.php?rest_route=\/wp\/v2\/types\/post"}],"author":[{"embeddable":true,"href":"https:\/\/photo.davidalquier.fr\/index.php?rest_route=\/wp\/v2\/users\/1"}],"replies":[{"embeddable":true,"href":"https:\/\/photo.davidalquier.fr\/index.php?rest_route=%2Fwp%2Fv2%2Fcomments&post=1822"}],"version-history":[{"count":0,"href":"https:\/\/photo.davidalquier.fr\/index.php?rest_route=\/wp\/v2\/posts\/1822\/revisions"}],"wp:featuredmedia":[{"embeddable":true,"href":"https:\/\/photo.davidalquier.fr\/index.php?rest_route=\/wp\/v2\/media\/1800"}],"wp:attachment":[{"href":"https:\/\/photo.davidalquier.fr\/index.php?rest_route=%2Fwp%2Fv2%2Fmedia&parent=1822"}],"wp:term":[{"taxonomy":"category","embeddable":true,"href":"https:\/\/photo.davidalquier.fr\/index.php?rest_route=%2Fwp%2Fv2%2Fcategories&post=1822"},{"taxonomy":"post_tag","embeddable":true,"href":"https:\/\/photo.davidalquier.fr\/index.php?rest_route=%2Fwp%2Fv2%2Ftags&post=1822"}],"curies":[{"name":"wp","href":"https:\/\/api.w.org\/{rel}","templated":true}]}}