{"id":95,"date":"2017-05-01T09:00:00","date_gmt":"2017-05-01T09:00:00","guid":{"rendered":"http:\/\/photo.davidalquier.fr\/?p=95"},"modified":"2022-03-14T11:43:21","modified_gmt":"2022-03-14T11:43:21","slug":"essai-photos-ethiopie","status":"publish","type":"post","link":"https:\/\/photo.davidalquier.fr\/?p=95","title":{"rendered":"Carnets Nature &#8211; Mammif\u00e8res <br>LE GELADA OU SINGE LION"},"content":{"rendered":"<p style=\"text-align: justify;\"><em>Les photos qui suivent ont \u00e9t\u00e9 prises lors d\u2019un voyage en \u00c9thiopie du 22 avril au 6 mai 2017, avec mes amis naturalistes et photographes Claude P. et G\u00e9rard B. Elles ont toutes \u00e9t\u00e9 faites dans le Parc National du Simien au refuge de Chenek \u00e0 3700 m\u00e8tres d&rsquo;altitude.<\/em><\/p>\n<p><!--more--><\/p>\n<figure id=\"attachment_1040\" aria-describedby=\"caption-attachment-1040\" style=\"width: 800px\" class=\"wp-caption aligncenter\"><a href=\"http:\/\/photo.davidalquier.fr\/wp-content\/uploads\/2019\/02\/Nature-G\u00e9lada-04.jpg\"><img loading=\"lazy\" decoding=\"async\" class=\"size-large wp-image-1040\" src=\"http:\/\/photo.davidalquier.fr\/wp-content\/uploads\/2019\/02\/Nature-G\u00e9lada-04-800x800.jpg\" alt=\"G\u00e9lada\" width=\"800\" height=\"800\" srcset=\"https:\/\/photo.davidalquier.fr\/wp-content\/uploads\/2019\/02\/Nature-G\u00e9lada-04-800x800.jpg 800w, https:\/\/photo.davidalquier.fr\/wp-content\/uploads\/2019\/02\/Nature-G\u00e9lada-04-150x150.jpg 150w, https:\/\/photo.davidalquier.fr\/wp-content\/uploads\/2019\/02\/Nature-G\u00e9lada-04-600x600.jpg 600w, https:\/\/photo.davidalquier.fr\/wp-content\/uploads\/2019\/02\/Nature-G\u00e9lada-04-768x768.jpg 768w, https:\/\/photo.davidalquier.fr\/wp-content\/uploads\/2019\/02\/Nature-G\u00e9lada-04-350x350.jpg 350w, https:\/\/photo.davidalquier.fr\/wp-content\/uploads\/2019\/02\/Nature-G\u00e9lada-04.jpg 1600w\" sizes=\"auto, (max-width: 800px) 100vw, 800px\" \/><\/a><figcaption id=\"caption-attachment-1040\" class=\"wp-caption-text\">Singe G\u00e9lada &#8211; 02\/05\/2017 &#8211; Parc National du Simien en Ethiopie \u00e0 3700 m\u00e8tres d&rsquo;altitude<\/figcaption><\/figure>\n<figure id=\"attachment_1037\" aria-describedby=\"caption-attachment-1037\" style=\"width: 1200px\" class=\"wp-caption aligncenter\"><a href=\"http:\/\/photo.davidalquier.fr\/wp-content\/uploads\/2019\/02\/Nature-G\u00e9lada-01.jpg\"><img loading=\"lazy\" decoding=\"async\" class=\"size-large wp-image-1037\" src=\"http:\/\/photo.davidalquier.fr\/wp-content\/uploads\/2019\/02\/Nature-G\u00e9lada-01-1200x800.jpg\" alt=\"G\u00e9lada\" width=\"1200\" height=\"800\" srcset=\"https:\/\/photo.davidalquier.fr\/wp-content\/uploads\/2019\/02\/Nature-G\u00e9lada-01-1200x800.jpg 1200w, https:\/\/photo.davidalquier.fr\/wp-content\/uploads\/2019\/02\/Nature-G\u00e9lada-01-600x400.jpg 600w, https:\/\/photo.davidalquier.fr\/wp-content\/uploads\/2019\/02\/Nature-G\u00e9lada-01-768x512.jpg 768w, https:\/\/photo.davidalquier.fr\/wp-content\/uploads\/2019\/02\/Nature-G\u00e9lada-01-525x350.jpg 525w, https:\/\/photo.davidalquier.fr\/wp-content\/uploads\/2019\/02\/Nature-G\u00e9lada-01.jpg 1920w\" sizes=\"auto, (max-width: 1200px) 100vw, 1200px\" \/><\/a><figcaption id=\"caption-attachment-1037\" class=\"wp-caption-text\">Singe G\u00e9lada &#8211; 02\/05\/2017 &#8211; Parc National du Simien en Ethiopie \u00e0 3700 m\u00e8tres d&rsquo;altitude<\/figcaption><\/figure>\n<figure id=\"attachment_1043\" aria-describedby=\"caption-attachment-1043\" style=\"width: 800px\" class=\"wp-caption aligncenter\"><a href=\"http:\/\/photo.davidalquier.fr\/wp-content\/uploads\/2019\/02\/Nature-G\u00e9lada-07.jpg\"><img loading=\"lazy\" decoding=\"async\" class=\"size-large wp-image-1043\" src=\"http:\/\/photo.davidalquier.fr\/wp-content\/uploads\/2019\/02\/Nature-G\u00e9lada-07-800x800.jpg\" alt=\"G\u00e9lada\" width=\"800\" height=\"800\" srcset=\"https:\/\/photo.davidalquier.fr\/wp-content\/uploads\/2019\/02\/Nature-G\u00e9lada-07-800x800.jpg 800w, https:\/\/photo.davidalquier.fr\/wp-content\/uploads\/2019\/02\/Nature-G\u00e9lada-07-150x150.jpg 150w, https:\/\/photo.davidalquier.fr\/wp-content\/uploads\/2019\/02\/Nature-G\u00e9lada-07-600x600.jpg 600w, https:\/\/photo.davidalquier.fr\/wp-content\/uploads\/2019\/02\/Nature-G\u00e9lada-07-768x768.jpg 768w, https:\/\/photo.davidalquier.fr\/wp-content\/uploads\/2019\/02\/Nature-G\u00e9lada-07-350x350.jpg 350w, https:\/\/photo.davidalquier.fr\/wp-content\/uploads\/2019\/02\/Nature-G\u00e9lada-07.jpg 1600w\" sizes=\"auto, (max-width: 800px) 100vw, 800px\" \/><\/a><figcaption id=\"caption-attachment-1043\" class=\"wp-caption-text\">Singe G\u00e9lada &#8211; 02\/05\/2017 &#8211; Parc National du Simien en Ethiopie \u00e0 3700 m\u00e8tres d&rsquo;altitude<\/figcaption><\/figure>\n<figure id=\"attachment_1038\" aria-describedby=\"caption-attachment-1038\" style=\"width: 1200px\" class=\"wp-caption aligncenter\"><a href=\"http:\/\/photo.davidalquier.fr\/wp-content\/uploads\/2019\/02\/Nature-G\u00e9lada-02.jpg\"><img loading=\"lazy\" decoding=\"async\" class=\"size-large wp-image-1038\" src=\"http:\/\/photo.davidalquier.fr\/wp-content\/uploads\/2019\/02\/Nature-G\u00e9lada-02-1200x800.jpg\" alt=\"G\u00e9lada\" width=\"1200\" height=\"800\" srcset=\"https:\/\/photo.davidalquier.fr\/wp-content\/uploads\/2019\/02\/Nature-G\u00e9lada-02-1200x800.jpg 1200w, https:\/\/photo.davidalquier.fr\/wp-content\/uploads\/2019\/02\/Nature-G\u00e9lada-02-600x400.jpg 600w, https:\/\/photo.davidalquier.fr\/wp-content\/uploads\/2019\/02\/Nature-G\u00e9lada-02-768x512.jpg 768w, https:\/\/photo.davidalquier.fr\/wp-content\/uploads\/2019\/02\/Nature-G\u00e9lada-02-525x350.jpg 525w, https:\/\/photo.davidalquier.fr\/wp-content\/uploads\/2019\/02\/Nature-G\u00e9lada-02.jpg 1920w\" sizes=\"auto, (max-width: 1200px) 100vw, 1200px\" \/><\/a><figcaption id=\"caption-attachment-1038\" class=\"wp-caption-text\">Singe G\u00e9lada &#8211; 02\/05\/2017 &#8211; Parc National du Simien en Ethiopie \u00e0 3700 m\u00e8tres d&rsquo;altitude<\/figcaption><\/figure>\n<figure id=\"attachment_1039\" aria-describedby=\"caption-attachment-1039\" style=\"width: 1200px\" class=\"wp-caption aligncenter\"><a href=\"http:\/\/photo.davidalquier.fr\/wp-content\/uploads\/2019\/02\/Nature-G\u00e9lada-03.jpg\"><img loading=\"lazy\" decoding=\"async\" class=\"size-large wp-image-1039\" src=\"http:\/\/photo.davidalquier.fr\/wp-content\/uploads\/2019\/02\/Nature-G\u00e9lada-03-1200x800.jpg\" alt=\"G\u00e9lada\" width=\"1200\" height=\"800\" srcset=\"https:\/\/photo.davidalquier.fr\/wp-content\/uploads\/2019\/02\/Nature-G\u00e9lada-03-1200x800.jpg 1200w, https:\/\/photo.davidalquier.fr\/wp-content\/uploads\/2019\/02\/Nature-G\u00e9lada-03-600x400.jpg 600w, https:\/\/photo.davidalquier.fr\/wp-content\/uploads\/2019\/02\/Nature-G\u00e9lada-03-768x512.jpg 768w, https:\/\/photo.davidalquier.fr\/wp-content\/uploads\/2019\/02\/Nature-G\u00e9lada-03-525x350.jpg 525w, https:\/\/photo.davidalquier.fr\/wp-content\/uploads\/2019\/02\/Nature-G\u00e9lada-03.jpg 1920w\" sizes=\"auto, (max-width: 1200px) 100vw, 1200px\" \/><\/a><figcaption id=\"caption-attachment-1039\" class=\"wp-caption-text\">Singe G\u00e9lada &#8211; 02\/05\/2017 &#8211; Parc National du Simien en Ethiopie \u00e0 3700 m\u00e8tres d&rsquo;altitude<\/figcaption><\/figure>\n<figure id=\"attachment_1041\" aria-describedby=\"caption-attachment-1041\" style=\"width: 1200px\" class=\"wp-caption aligncenter\"><a href=\"http:\/\/photo.davidalquier.fr\/wp-content\/uploads\/2019\/02\/Nature-G\u00e9lada-05.jpg\"><img loading=\"lazy\" decoding=\"async\" class=\"size-large wp-image-1041\" src=\"http:\/\/photo.davidalquier.fr\/wp-content\/uploads\/2019\/02\/Nature-G\u00e9lada-05-1200x800.jpg\" alt=\"G\u00e9lada\" width=\"1200\" height=\"800\" srcset=\"https:\/\/photo.davidalquier.fr\/wp-content\/uploads\/2019\/02\/Nature-G\u00e9lada-05-1200x800.jpg 1200w, https:\/\/photo.davidalquier.fr\/wp-content\/uploads\/2019\/02\/Nature-G\u00e9lada-05-600x400.jpg 600w, https:\/\/photo.davidalquier.fr\/wp-content\/uploads\/2019\/02\/Nature-G\u00e9lada-05-768x512.jpg 768w, https:\/\/photo.davidalquier.fr\/wp-content\/uploads\/2019\/02\/Nature-G\u00e9lada-05-525x350.jpg 525w, https:\/\/photo.davidalquier.fr\/wp-content\/uploads\/2019\/02\/Nature-G\u00e9lada-05.jpg 1920w\" sizes=\"auto, (max-width: 1200px) 100vw, 1200px\" \/><\/a><figcaption id=\"caption-attachment-1041\" class=\"wp-caption-text\">Singe G\u00e9lada &#8211; 02\/05\/2017 &#8211; Parc National du Simien en Ethiopie \u00e0 3700 m\u00e8tres d&rsquo;altitude<\/figcaption><\/figure>\n<figure id=\"attachment_1042\" aria-describedby=\"caption-attachment-1042\" style=\"width: 1200px\" class=\"wp-caption aligncenter\"><a href=\"http:\/\/photo.davidalquier.fr\/wp-content\/uploads\/2019\/02\/Nature-G\u00e9lada-06.jpg\"><img loading=\"lazy\" decoding=\"async\" class=\"size-large wp-image-1042\" src=\"http:\/\/photo.davidalquier.fr\/wp-content\/uploads\/2019\/02\/Nature-G\u00e9lada-06-1200x800.jpg\" alt=\"G\u00e9lada\" width=\"1200\" height=\"800\" srcset=\"https:\/\/photo.davidalquier.fr\/wp-content\/uploads\/2019\/02\/Nature-G\u00e9lada-06-1200x800.jpg 1200w, https:\/\/photo.davidalquier.fr\/wp-content\/uploads\/2019\/02\/Nature-G\u00e9lada-06-600x400.jpg 600w, https:\/\/photo.davidalquier.fr\/wp-content\/uploads\/2019\/02\/Nature-G\u00e9lada-06-768x512.jpg 768w, https:\/\/photo.davidalquier.fr\/wp-content\/uploads\/2019\/02\/Nature-G\u00e9lada-06-525x350.jpg 525w, https:\/\/photo.davidalquier.fr\/wp-content\/uploads\/2019\/02\/Nature-G\u00e9lada-06.jpg 1920w\" sizes=\"auto, (max-width: 1200px) 100vw, 1200px\" \/><\/a><figcaption id=\"caption-attachment-1042\" class=\"wp-caption-text\">Singe G\u00e9lada &#8211; 02\/05\/2017 &#8211; Parc National du Simien en Ethiopie \u00e0 3700 m\u00e8tres d&rsquo;altitude<\/figcaption><\/figure>\n","protected":false},"excerpt":{"rendered":"<p>Les photos qui suivent ont \u00e9t\u00e9 prises lors d\u2019un voyage en \u00c9thiopie du 22 avril au 6 mai 2017, avec mes amis naturalistes et photographes Claude P. et G\u00e9rard B. Elles ont toutes \u00e9t\u00e9 faites dans le Parc National du Simien au refuge de Chenek \u00e0 3700 m\u00e8tres d&rsquo;altitude.<\/p>\n","protected":false},"author":1,"featured_media":1037,"comment_status":"closed","ping_status":"closed","sticky":false,"template":"","format":"standard","meta":{"ngg_post_thumbnail":0,"footnotes":""},"categories":[10,15],"tags":[6,7],"class_list":["post-95","post","type-post","status-publish","format-standard","has-post-thumbnail","hentry","category-nature","category-mammiferes","tag-ethiopie","tag-faune"],"_links":{"self":[{"href":"https:\/\/photo.davidalquier.fr\/index.php?rest_route=\/wp\/v2\/posts\/95","targetHints":{"allow":["GET"]}}],"collection":[{"href":"https:\/\/photo.davidalquier.fr\/index.php?rest_route=\/wp\/v2\/posts"}],"about":[{"href":"https:\/\/photo.davidalquier.fr\/index.php?rest_route=\/wp\/v2\/types\/post"}],"author":[{"embeddable":true,"href":"https:\/\/photo.davidalquier.fr\/index.php?rest_route=\/wp\/v2\/users\/1"}],"replies":[{"embeddable":true,"href":"https:\/\/photo.davidalquier.fr\/index.php?rest_route=%2Fwp%2Fv2%2Fcomments&post=95"}],"version-history":[{"count":0,"href":"https:\/\/photo.davidalquier.fr\/index.php?rest_route=\/wp\/v2\/posts\/95\/revisions"}],"wp:featuredmedia":[{"embeddable":true,"href":"https:\/\/photo.davidalquier.fr\/index.php?rest_route=\/wp\/v2\/media\/1037"}],"wp:attachment":[{"href":"https:\/\/photo.davidalquier.fr\/index.php?rest_route=%2Fwp%2Fv2%2Fmedia&parent=95"}],"wp:term":[{"taxonomy":"category","embeddable":true,"href":"https:\/\/photo.davidalquier.fr\/index.php?rest_route=%2Fwp%2Fv2%2Fcategories&post=95"},{"taxonomy":"post_tag","embeddable":true,"href":"https:\/\/photo.davidalquier.fr\/index.php?rest_route=%2Fwp%2Fv2%2Ftags&post=95"}],"curies":[{"name":"wp","href":"https:\/\/api.w.org\/{rel}","templated":true}]}}